{"id":2599,"date":"2016-10-28T12:13:56","date_gmt":"2016-10-28T10:13:56","guid":{"rendered":"http:\/\/slivnica.splet.arnes.si\/?p=2599"},"modified":"2016-11-07T08:51:46","modified_gmt":"2016-11-07T07:51:46","slug":"tehniski-dan-ucencev-predmetne-stopnje-na-os-v-gorici","status":"publish","type":"post","link":"https:\/\/www.os-slivnica.si\/?p=2599","title":{"rendered":"Proslava in tehni\u0161ki dan u\u010dencev predmetne stopnje na O\u0160 v Gorici"},"content":{"rendered":"<p>V petek, 28. 10. 2016, je na O\u0160 v Gorici potekal <strong>tehni\u0161ki dan<\/strong> za u\u010dence od 6. do 9. razreda.<\/p>\n<p>Najprej smo se ob osmi uri vsi u\u010denci na\u0161e \u0161ole zbrali v ve\u010dnamenskem prostoru, kjer smo <strong>s kraj\u0161o proslavo oblele\u017eili dan reformacije in dan spomina na mrtve<\/strong>. U\u010denci razredne stopnje so se predstavili s prisr\u010dnimi deklamacijami in pesmimi, spet drugi so nas razveselili z igranjem na razli\u010dne glasbene in\u0161trumente. Vseskozi pa nas je spremljala ubrana pesem otro\u0161kega, mlaj\u0161ega mladinskega in mladinskega<a href=\"http:\/\/pevski-zbori-slivnica.splet.arnes.si\/2016\/10\/29\/ognjeni-krst-novih-pevcev\/\" target=\"_blank\"> pevskega zbora<\/a>.<\/p>\n<p>Nato so u\u010denci rezredne stopnje nadaljevali s poukom, na predmetni stopnji pa je potekal tehni\u0161ki dan v obliki razli\u010dnih delavnic. U\u010denci so v manj\u0161ih skupinah izdelovali <strong>izdelke iz papirja<\/strong> za dekoracijo \u0161olskih prostorov, <strong>cofke in kapice<\/strong> iz volne razli\u010dnih barv in debelin ter lepo oblikovane in okra\u0161ene <strong>bro\u0161ke<\/strong>. \u0160e posebej se je ustvarjalnost kazala v oblikovanju <strong>vo\u0161\u010dilnic<\/strong>, takih iz najrazli\u010dnej\u0161ega okrasnega kartona ter pri perforiranih in \u0161ivanih vo\u0161\u010dilnicah, pri katerih so u\u010denci pokazali dobro mero natan\u010dnosti in vztrajnosti. Izdelovali so tudi raznobarvne <strong>ogrlice<\/strong> iz pene, <strong>sve\u010dnike<\/strong> iz gline ter sve\u010dnike, izdelane iz kozarcev, natan\u010dno oblepljenih s tanko vrvico in okrasnimi trakovi. Delavnica izdelovanja <strong>adventnih ven\u010dkov<\/strong> je potekala zunaj in morda je poleg marljivosti u\u010dencev k \u010dudovitim kon\u010dnim izdelkom pripomogel tudi sve\u017e zrak.<\/p>\n<p>U\u010denci so ob koncu tehni\u0161kega dne povedali, da so ponosni na svoje izdelke in upajo, da bodo v\u0161e\u010d tudi tistim, ki jih bodo kupili. Njihovo ustvarjalnost si lahko ogledate v galeriji.<\/p>\n<p>Vsi ti kreativni izdelki u\u010dencev so, kot vsako leto, namenjeni prodaji na \u0161olskem Miklav\u017eevem sejmu, ki bo letos potekal 8. decembra popoldan. Z nakupom drobnih izdelkov, s katerimi lahko svojim bli\u017enjim polep\u0161ate praznike, boste prispevali v \u0160olski sklad O\u0160 Slivnica pri Celju.<\/p>\nngg_shortcode_0_placeholder\n<p>&nbsp;<\/p>\n<p>&nbsp;<\/p>\n<h1><\/h1>\n","protected":false},"excerpt":{"rendered":"<p>V petek, 28. 10. 2016, je na O\u0160 v Gorici potekal tehni\u0161ki dan za u\u010dence od 6. do 9. razreda. Najprej smo se ob osmi uri vsi u\u010denci na\u0161e \u0161ole zbrali v ve\u010dnamenskem prostoru, kjer smo s kraj\u0161o proslavo oblele\u017eili dan reformacije in dan spomina na mrtve. U\u010denci razredne stopnje so se predstavili s prisr\u010dnimi [&hellip;]<\/p>\n","protected":false},"author":3995,"featured_media":0,"comment_status":"closed","ping_status":"closed","sticky":false,"template":"","format":"standard","meta":{"_et_pb_use_builder":"","_et_pb_old_content":"","_et_gb_content_width":"","ngg_post_thumbnail":0,"footnotes":"","_expiration-date-status":"","_expiration-date":0,"_expiration-date-type":"","_expiration-date-categories":[],"_expiration-date-options":[]},"categories":[9],"tags":[],"class_list":["post-2599","post","type-post","status-publish","format-standard","hentry","category-aktualno","et-doesnt-have-format-content","et_post_format-et-post-format-standard"],"_links":{"self":[{"href":"https:\/\/www.os-slivnica.si\/index.php?rest_route=\/wp\/v2\/posts\/2599","targetHints":{"allow":["GET"]}}],"collection":[{"href":"https:\/\/www.os-slivnica.si\/index.php?rest_route=\/wp\/v2\/posts"}],"about":[{"href":"https:\/\/www.os-slivnica.si\/index.php?rest_route=\/wp\/v2\/types\/post"}],"author":[{"embeddable":true,"href":"https:\/\/www.os-slivnica.si\/index.php?rest_route=\/wp\/v2\/users\/3995"}],"replies":[{"embeddable":true,"href":"https:\/\/www.os-slivnica.si\/index.php?rest_route=%2Fwp%2Fv2%2Fcomments&post=2599"}],"version-history":[{"count":9,"href":"https:\/\/www.os-slivnica.si\/index.php?rest_route=\/wp\/v2\/posts\/2599\/revisions"}],"predecessor-version":[{"id":2651,"href":"https:\/\/www.os-slivnica.si\/index.php?rest_route=\/wp\/v2\/posts\/2599\/revisions\/2651"}],"wp:attachment":[{"href":"https:\/\/www.os-slivnica.si\/index.php?rest_route=%2Fwp%2Fv2%2Fmedia&parent=2599"}],"wp:term":[{"taxonomy":"category","embeddable":true,"href":"https:\/\/www.os-slivnica.si\/index.php?rest_route=%2Fwp%2Fv2%2Fcategories&post=2599"},{"taxonomy":"post_tag","embeddable":true,"href":"https:\/\/www.os-slivnica.si\/index.php?rest_route=%2Fwp%2Fv2%2Ftags&post=2599"}],"curies":[{"name":"wp","href":"https:\/\/api.w.org\/{rel}","templated":true}]}}