{"id":2574,"date":"2016-10-21T15:48:31","date_gmt":"2016-10-21T13:48:31","guid":{"rendered":"http:\/\/slivnica.splet.arnes.si\/?p=2574"},"modified":"2016-10-24T08:19:04","modified_gmt":"2016-10-24T06:19:04","slug":"obiskala-nas-je-nekdanja-uciteljica-in-knjiznicarka","status":"publish","type":"post","link":"https:\/\/www.os-slivnica.si\/?p=2574","title":{"rendered":"Obiskala nas je nekdanja u\u010diteljica in knji\u017eni\u010darka"},"content":{"rendered":"<p>V ponedeljek, 17. oktobra 2016, \u00a0nas je obiskala mag. Marija Arti\u010dek, na\u0161a nekdanja u\u010diteljica in knji\u017eni\u010darka. Spregovorila nam je o svojem \u017eivljenju in ustvarjanju ter odnosu do knjige, znanja in branja. Predstavila nam je svoji pesni\u0161ki zbirki Jutranje impresije in Meglice iz jezera in morja. Z zgodbami in pesmimi, v katerih slika prizore iz narave, \u010dlove\u0161ke zna\u010daje in tegobe dana\u0161njega \u010dasa, \u00a0je navdu\u0161ila vse zbrane.ngg_shortcode_0_placeholder<\/p>\n<p><!--more-->Po sre\u010danju z gostjo so \u0161esto\u0161olci zapisali:<\/p>\n<p>&#8220;Pri uri gospe Marjane Arti\u010dek mi je bila v\u0161e\u010d njena zgodba iz otro\u0161tva, kako je cenila knjige, rada hodila v naravo, jo opazovala, spremljala. V\u0161e\u010d pa so mi bila tudi njena dela, pesmi, slike na platnicah in spomini na prvo prebrano knjigo.&#8221; \u00a0 \u00a0 \u00a0 \u00a0\u00a0Jerneja Gaj\u0161ek<\/p>\n<p>&#8220;Najbolj se mi je v spomin vtisnil osat, rastlina, ki jo ima ga. Marjana najraje.O njem je napisala tudi pesem, po njem je poimenovala tudi \u00a0pesni\u0161ko zbirko Osat &#8211; Art. Osat je upodobila tudi na platnicah knjig&#8221;. \u00a0 \u00a0 \u00a0 \u00a0\u017diga Pol\u0161ak<\/p>\n<p>&#8220;V\u0161e\u010d mi je bilo, ko je gospa Marjana Arti\u010dek govorila o svojem otro\u0161tvu in povedala veliko zanimivih zgodb. Pi\u0161e zelo lepe pesmi, tudi take, ki so pou\u010dne.&#8221; \u00a0 \u00a0 \u00a0 Iva \u010cede<\/p>\n<p>&#8220;Najbolj sem si zapomnil, ko je govorila o svojih palicah, s katerimi je hodila na Peseke, in da je sedaj eno \u017ee na\u0161la.&#8221; \u00a0 \u00a0 \u00a0 \u00a0 \u00a0 \u00a0 \u00a0 \u00a0David Poto\u010dnik<\/p>\n","protected":false},"excerpt":{"rendered":"<p>V ponedeljek, 17. oktobra 2016, \u00a0nas je obiskala mag. Marija Arti\u010dek, na\u0161a nekdanja u\u010diteljica in knji\u017eni\u010darka. Spregovorila nam je o svojem \u017eivljenju in ustvarjanju ter odnosu do knjige, znanja in branja. Predstavila nam je svoji pesni\u0161ki zbirki Jutranje impresije in Meglice iz jezera in morja. Z zgodbami in pesmimi, v katerih slika prizore iz narave, [&hellip;]<\/p>\n","protected":false},"author":4050,"featured_media":0,"comment_status":"closed","ping_status":"closed","sticky":false,"template":"","format":"standard","meta":{"_et_pb_use_builder":"","_et_pb_old_content":"","_et_gb_content_width":"","ngg_post_thumbnail":0,"footnotes":"","_expiration-date-status":"","_expiration-date":0,"_expiration-date-type":"","_expiration-date-categories":[],"_expiration-date-options":[]},"categories":[9],"tags":[],"class_list":["post-2574","post","type-post","status-publish","format-standard","hentry","category-aktualno","et-doesnt-have-format-content","et_post_format-et-post-format-standard"],"_links":{"self":[{"href":"https:\/\/www.os-slivnica.si\/index.php?rest_route=\/wp\/v2\/posts\/2574","targetHints":{"allow":["GET"]}}],"collection":[{"href":"https:\/\/www.os-slivnica.si\/index.php?rest_route=\/wp\/v2\/posts"}],"about":[{"href":"https:\/\/www.os-slivnica.si\/index.php?rest_route=\/wp\/v2\/types\/post"}],"author":[{"embeddable":true,"href":"https:\/\/www.os-slivnica.si\/index.php?rest_route=\/wp\/v2\/users\/4050"}],"replies":[{"embeddable":true,"href":"https:\/\/www.os-slivnica.si\/index.php?rest_route=%2Fwp%2Fv2%2Fcomments&post=2574"}],"version-history":[{"count":5,"href":"https:\/\/www.os-slivnica.si\/index.php?rest_route=\/wp\/v2\/posts\/2574\/revisions"}],"predecessor-version":[{"id":2579,"href":"https:\/\/www.os-slivnica.si\/index.php?rest_route=\/wp\/v2\/posts\/2574\/revisions\/2579"}],"wp:attachment":[{"href":"https:\/\/www.os-slivnica.si\/index.php?rest_route=%2Fwp%2Fv2%2Fmedia&parent=2574"}],"wp:term":[{"taxonomy":"category","embeddable":true,"href":"https:\/\/www.os-slivnica.si\/index.php?rest_route=%2Fwp%2Fv2%2Fcategories&post=2574"},{"taxonomy":"post_tag","embeddable":true,"href":"https:\/\/www.os-slivnica.si\/index.php?rest_route=%2Fwp%2Fv2%2Ftags&post=2574"}],"curies":[{"name":"wp","href":"https:\/\/api.w.org\/{rel}","templated":true}]}}