{"id":2521,"date":"2016-10-13T12:28:28","date_gmt":"2016-10-13T10:28:28","guid":{"rendered":"http:\/\/slivnica.splet.arnes.si\/?p=2521"},"modified":"2016-10-13T12:28:28","modified_gmt":"2016-10-13T10:28:28","slug":"tehniski-dan-pasavcek-v-loki","status":"publish","type":"post","link":"https:\/\/www.os-slivnica.si\/?p=2521","title":{"rendered":"Tehni\u0161ki dan Pasav\u010dek v Loki"},"content":{"rendered":"<p>V sredo, <strong>12. 10. 2016,<\/strong> je za <strong>u\u010dence 1. triade<\/strong> potekal tehni\u0161ki dan z naslovom <strong>Pasav\u010dek<\/strong>, na katerem so se seznanili s pomenom pripetega pasu med vo\u017enjo. Pasav\u010dka so tudi narisali in se o njem nau\u010dili zanimivo pesmico. Na koncu so \u0161e izdelali obris dlani ter nanj narisali oz. napisali sporo\u010dilo voznikom na temo: &#8220;Med vo\u017enjo ne pij alkohola.&#8221;, s katerim bodo sodelovali v akciji <strong>&#8220;Otroci za varnost v prometu&#8221;<\/strong>. ngg_shortcode_0_placeholder<\/p>\n","protected":false},"excerpt":{"rendered":"<p>V sredo, 12. 10. 2016, je za u\u010dence 1. triade potekal tehni\u0161ki dan z naslovom Pasav\u010dek, na katerem so se seznanili s pomenom pripetega pasu med vo\u017enjo. Pasav\u010dka so tudi narisali in se o njem nau\u010dili zanimivo pesmico. Na koncu so \u0161e izdelali obris dlani ter nanj narisali oz. napisali sporo\u010dilo voznikom na temo: &#8220;Med [&hellip;]<\/p>\n","protected":false},"author":6078,"featured_media":0,"comment_status":"closed","ping_status":"closed","sticky":false,"template":"","format":"standard","meta":{"_et_pb_use_builder":"","_et_pb_old_content":"","_et_gb_content_width":"","ngg_post_thumbnail":0,"footnotes":"","_expiration-date-status":"","_expiration-date":0,"_expiration-date-type":"","_expiration-date-categories":[],"_expiration-date-options":[]},"categories":[10],"tags":[],"class_list":["post-2521","post","type-post","status-publish","format-standard","hentry","category-ps-loka","et-doesnt-have-format-content","et_post_format-et-post-format-standard"],"_links":{"self":[{"href":"https:\/\/www.os-slivnica.si\/index.php?rest_route=\/wp\/v2\/posts\/2521","targetHints":{"allow":["GET"]}}],"collection":[{"href":"https:\/\/www.os-slivnica.si\/index.php?rest_route=\/wp\/v2\/posts"}],"about":[{"href":"https:\/\/www.os-slivnica.si\/index.php?rest_route=\/wp\/v2\/types\/post"}],"author":[{"embeddable":true,"href":"https:\/\/www.os-slivnica.si\/index.php?rest_route=\/wp\/v2\/users\/6078"}],"replies":[{"embeddable":true,"href":"https:\/\/www.os-slivnica.si\/index.php?rest_route=%2Fwp%2Fv2%2Fcomments&post=2521"}],"version-history":[{"count":5,"href":"https:\/\/www.os-slivnica.si\/index.php?rest_route=\/wp\/v2\/posts\/2521\/revisions"}],"predecessor-version":[{"id":2533,"href":"https:\/\/www.os-slivnica.si\/index.php?rest_route=\/wp\/v2\/posts\/2521\/revisions\/2533"}],"wp:attachment":[{"href":"https:\/\/www.os-slivnica.si\/index.php?rest_route=%2Fwp%2Fv2%2Fmedia&parent=2521"}],"wp:term":[{"taxonomy":"category","embeddable":true,"href":"https:\/\/www.os-slivnica.si\/index.php?rest_route=%2Fwp%2Fv2%2Fcategories&post=2521"},{"taxonomy":"post_tag","embeddable":true,"href":"https:\/\/www.os-slivnica.si\/index.php?rest_route=%2Fwp%2Fv2%2Ftags&post=2521"}],"curies":[{"name":"wp","href":"https:\/\/api.w.org\/{rel}","templated":true}]}}