{"id":2519,"date":"2016-10-12T11:18:45","date_gmt":"2016-10-12T09:18:45","guid":{"rendered":"http:\/\/slivnica.splet.arnes.si\/?p=2519"},"modified":"2016-10-15T16:59:05","modified_gmt":"2016-10-15T14:59:05","slug":"sestosolci-v-cankarjevem-domu-in-tehniskem-muzeju","status":"publish","type":"post","link":"https:\/\/www.os-slivnica.si\/?p=2519","title":{"rendered":"\u0160esto\u0161olci v Cankarjevem domu in Tehni\u0161kem muzeju"},"content":{"rendered":"<p>V torek, 11. 10. 2016 smo imeli u\u010denci 6. razreda kulturno-tehni\u0161ki dan.<!--more--><\/p>\n<p>Odpeljali smo se v Ljubljano, kjer smo si v Gallusovi dvorani Cankarjevega doma ogledali simfoni\u010dno matinejo <em><strong>Simfoni\u010dna glasba na filmskem platnu<\/strong>.<\/em> V Galeriji Cankarjevega doma smo si ogledali tudi <strong>razstavo <\/strong><em><strong>Nikola Tesla \u010dlovek prihodnosti<\/strong>,<\/em> ki je posve\u010dena 160. obletnici izumiteljevega rojstva. Izvedeli smo mnogo zanimivih podatkov o \u017eivljenju genialnega izumitelja ter spoznali njegovo delo in izume, mnoge od njih pa smo lahko tudi preizkusili.<\/p>\n<p>Nato smo se odpravili <strong>v Bistro, v Tehni\u0161ki muzej Slovenije<\/strong>. Obiskali smo <strong>Dneve fizike<\/strong>, ki so ravno v tem \u010dasu gostovali v muzeju. Preizkusili smo se v raznih eksperimentih in poskusih. Nato smo si v Tehni\u0161kem muzeju ogledali \u0161e stalne razstave na prometnem oddelku, kjer so razstavljeni Titovi avtomobili ter zbirke razli\u010dnih starih in novej\u0161ih vozil, na gozdarskem in lesarskem oddelku ter v slovenskem lovskem muzeju, kjer smo videli celovit prikaz divjadi v Sloveniji.<\/p>\n<p>Domov smo se vrnili polnih novih spoznanj in prijetnih vtisov.<\/p>\n<p>U\u010denci 6. a in 6. b razreda<\/p>\n<p>Pri matineji mi je bilo najbolj v\u0161e\u010d, kako so zaigrali Odo radosti in napovedovalec Bla\u017e, ki je glasbene to\u010dke napovedoval kot papagaj, James Bond, vojak, psihiater.<br \/>\nNa razstavi Nikole Tesle mi je bilo najbolj v\u0161e\u010d, ko smo dr\u017eali \u017earnico in ko je gospod pri\u017egal napravo, so \u017earnice zasvetile in naredila se je umetna strela.<br \/>\nV Tehni\u0161kem muzeju Bistra na Dnevih fizike mi je bilo najbolj v\u0161e\u010d, ko je gospa na plin pri\u017egala ogenj, potem pa je vklopila zvo\u010dnik in je ogenj za\u010del plesati, in ko smo si ogledovali Titove avtomobile.<\/p>\n<p>Jakob Tojnko<\/p>\n<p>Na matineji v CD sem se imel lepo, bilo je veselo, malo sme\u0161ni filmi na platnu in bilo je super poslu\u0161ati glasbo. Bla\u017e je bil super povezovalec in bilo je sme\u0161no, ko je pri\u0161el s pi\u0161tolo oble\u010den kot James Bond.<br \/>\nNa razstavi Nikola Tesla sem se imel super. Najbolj v\u0161e\u010d mi je bil tisti stroj, kjer smo dr\u017eali \u017earnice in ko je razlagal in sem se veliko ve\u010d nau\u010dil. Bilo je pa najbolj sme\u0161no, kako smo se prvi\u010d vsi ustra\u0161ili.<br \/>\nV Tehni\u0161kem muzeju mi je bilo v\u0161e\u010d, ko smo \u0161li v tiho sobo, ko smo gledali naga\u010dene medvedje in ko smo \u0161li gledat avtomobile in letala. Bilo mi je super.<\/p>\n<p>Denis Kolar<\/p>\n<p>V\u0161e\u010d mi je bilo, ko je bil napovedovalec Bla\u017e vsaki\u010d, ko je pri\u0161el na oder druga\u010de oble\u010den. V\u0161e\u010d mi je bilo tudi, ko je orkester igral, in ko so bili filmi.<\/p>\n<p>Hana \u017durej<\/p>\n<p>Najbolj v\u0161e\u010d mi je bil transformator, ki ga je izumil Nikola Tesla.<\/p>\n<p>\u017diga Pol\u0161ak<\/p>\n<p>Najbolj mi je bila v\u0161e\u010d razstava starinskih avtov, traktorjev in tovornjakov ter naga\u010denih \u017eivali. V\u0161e\u010d mi je bila tudi razstava Nikola Tesla.<\/p>\n<p>Marko Zavr\u0161ek<\/p>\nngg_shortcode_0_placeholder\n","protected":false},"excerpt":{"rendered":"<p>V torek, 11. 10. 2016 smo imeli u\u010denci 6. razreda kulturno-tehni\u0161ki dan.<\/p>\n","protected":false},"author":6071,"featured_media":0,"comment_status":"closed","ping_status":"closed","sticky":false,"template":"","format":"standard","meta":{"_et_pb_use_builder":"","_et_pb_old_content":"","_et_gb_content_width":"","ngg_post_thumbnail":0,"footnotes":"","_expiration-date-status":"","_expiration-date":0,"_expiration-date-type":"","_expiration-date-categories":[],"_expiration-date-options":[]},"categories":[9],"tags":[],"class_list":["post-2519","post","type-post","status-publish","format-standard","hentry","category-aktualno","et-doesnt-have-format-content","et_post_format-et-post-format-standard"],"_links":{"self":[{"href":"https:\/\/www.os-slivnica.si\/index.php?rest_route=\/wp\/v2\/posts\/2519","targetHints":{"allow":["GET"]}}],"collection":[{"href":"https:\/\/www.os-slivnica.si\/index.php?rest_route=\/wp\/v2\/posts"}],"about":[{"href":"https:\/\/www.os-slivnica.si\/index.php?rest_route=\/wp\/v2\/types\/post"}],"author":[{"embeddable":true,"href":"https:\/\/www.os-slivnica.si\/index.php?rest_route=\/wp\/v2\/users\/6071"}],"replies":[{"embeddable":true,"href":"https:\/\/www.os-slivnica.si\/index.php?rest_route=%2Fwp%2Fv2%2Fcomments&post=2519"}],"version-history":[{"count":6,"href":"https:\/\/www.os-slivnica.si\/index.php?rest_route=\/wp\/v2\/posts\/2519\/revisions"}],"predecessor-version":[{"id":2544,"href":"https:\/\/www.os-slivnica.si\/index.php?rest_route=\/wp\/v2\/posts\/2519\/revisions\/2544"}],"wp:attachment":[{"href":"https:\/\/www.os-slivnica.si\/index.php?rest_route=%2Fwp%2Fv2%2Fmedia&parent=2519"}],"wp:term":[{"taxonomy":"category","embeddable":true,"href":"https:\/\/www.os-slivnica.si\/index.php?rest_route=%2Fwp%2Fv2%2Fcategories&post=2519"},{"taxonomy":"post_tag","embeddable":true,"href":"https:\/\/www.os-slivnica.si\/index.php?rest_route=%2Fwp%2Fv2%2Ftags&post=2519"}],"curies":[{"name":"wp","href":"https:\/\/api.w.org\/{rel}","templated":true}]}}