{"id":2504,"date":"2016-10-08T20:43:40","date_gmt":"2016-10-08T18:43:40","guid":{"rendered":"http:\/\/slivnica.splet.arnes.si\/?p=2504"},"modified":"2016-10-08T20:48:36","modified_gmt":"2016-10-08T18:48:36","slug":"csod-seca-2-del","status":"publish","type":"post","link":"https:\/\/www.os-slivnica.si\/?p=2504","title":{"rendered":"C\u0160OD Se\u010da 2. del- zaklju\u010dek"},"content":{"rendered":"<p>Plavalni te\u010daj (03. 10. 2016 \u2013 07. 10. 2016)<\/p>\n<p>U\u010denci 3. razreda O\u0160 Slivnica pri Celju so letos izvedli 20 urni plavalni te\u010daj plavanja v C\u0160OD Burja, v Se\u010di.<\/p>\n<p>Vsi dnevi so bili zapolnjeni z raznimi dejavnostmi. V prvi vrsti je bilo plavanje. U\u010denci so bili v bazenu dopoldan in popoldan. Kadar niso bili v bazenu pa so bili na dejavnostih. Spoznavali so okolje, v katerem so ta teden bivali. Seznanili so se z vremenom in vetrovi, ki so zna\u010dilni za to okolico, izvedeli katera sol je najbolj\u0161a in od kod prihaja, pogledali od dale\u010d soline, obiskali kamnite kipe, obiskali marino, pokukali na obalo, se sprehodili do sla\u0161\u010di\u010darne, nabirali mo\u010di v fitnesu na prostem, razgibavali svoja telesa na igralih, se igrali dru\u017eabne igre, se spro\u0161\u010dali ob gledanju risanke, obiskali vrt kaktusov, izdelali in pisali razglednice, predvsem pa so se veliko dru\u017eili med seboj in z u\u010diteljicami.<\/p>\n<p>Vsak dan so nestrpno pri\u010dakovali in se ga veselili in z vsakim dnem so bili bolj utrujeni.<\/p>\n<p>Seveda pa so poskrbeli tudi za svoje \u017eelod\u010dke (pet obrokov na dan). Vsak je imel tudi svojo zadol\u017eitev. Prednostna naloga je bila skrb za samega sebe: ureditev samega sebe, pospravljanje za seboj, skrb za svoje stvari, priprava na dejavnosti in plavanje. Poleg tega so\u00a0 morali skrbeti za urejenost postelje in sobe, skrbeti za klju\u010de,\u00a0 pripravljali in pospravljali so mize pred in po\u00a0 obrokih.<\/p>\n<p>Vreme je bilo \u010dudovito tako, da so izvedli vse na\u010drtovane dejavnosti in se vsi zdravi vrnili domov.<\/p>\nngg_shortcode_0_placeholder\n","protected":false},"excerpt":{"rendered":"<p>Plavalni te\u010daj (03. 10. 2016 \u2013 07. 10. 2016) U\u010denci 3. razreda O\u0160 Slivnica pri Celju so letos izvedli 20 urni plavalni te\u010daj plavanja v C\u0160OD Burja, v Se\u010di. Vsi dnevi so bili zapolnjeni z raznimi dejavnostmi. V prvi vrsti je bilo plavanje. U\u010denci so bili v bazenu dopoldan in popoldan. Kadar niso bili v [&hellip;]<\/p>\n","protected":false},"author":5704,"featured_media":0,"comment_status":"closed","ping_status":"closed","sticky":false,"template":"","format":"standard","meta":{"_et_pb_use_builder":"","_et_pb_old_content":"","_et_gb_content_width":"","ngg_post_thumbnail":0,"footnotes":"","_expiration-date-status":"","_expiration-date":0,"_expiration-date-type":"","_expiration-date-categories":[],"_expiration-date-options":[]},"categories":[9],"tags":[],"class_list":["post-2504","post","type-post","status-publish","format-standard","hentry","category-aktualno","et-doesnt-have-format-content","et_post_format-et-post-format-standard"],"_links":{"self":[{"href":"https:\/\/www.os-slivnica.si\/index.php?rest_route=\/wp\/v2\/posts\/2504","targetHints":{"allow":["GET"]}}],"collection":[{"href":"https:\/\/www.os-slivnica.si\/index.php?rest_route=\/wp\/v2\/posts"}],"about":[{"href":"https:\/\/www.os-slivnica.si\/index.php?rest_route=\/wp\/v2\/types\/post"}],"author":[{"embeddable":true,"href":"https:\/\/www.os-slivnica.si\/index.php?rest_route=\/wp\/v2\/users\/5704"}],"replies":[{"embeddable":true,"href":"https:\/\/www.os-slivnica.si\/index.php?rest_route=%2Fwp%2Fv2%2Fcomments&post=2504"}],"version-history":[{"count":3,"href":"https:\/\/www.os-slivnica.si\/index.php?rest_route=\/wp\/v2\/posts\/2504\/revisions"}],"predecessor-version":[{"id":2507,"href":"https:\/\/www.os-slivnica.si\/index.php?rest_route=\/wp\/v2\/posts\/2504\/revisions\/2507"}],"wp:attachment":[{"href":"https:\/\/www.os-slivnica.si\/index.php?rest_route=%2Fwp%2Fv2%2Fmedia&parent=2504"}],"wp:term":[{"taxonomy":"category","embeddable":true,"href":"https:\/\/www.os-slivnica.si\/index.php?rest_route=%2Fwp%2Fv2%2Fcategories&post=2504"},{"taxonomy":"post_tag","embeddable":true,"href":"https:\/\/www.os-slivnica.si\/index.php?rest_route=%2Fwp%2Fv2%2Ftags&post=2504"}],"curies":[{"name":"wp","href":"https:\/\/api.w.org\/{rel}","templated":true}]}}