{"id":2459,"date":"2016-10-03T12:23:36","date_gmt":"2016-10-03T10:23:36","guid":{"rendered":"http:\/\/slivnica.splet.arnes.si\/?p=2459"},"modified":"2016-10-03T20:59:15","modified_gmt":"2016-10-03T18:59:15","slug":"tretjesolci-prispeli-v-seco","status":"publish","type":"post","link":"https:\/\/www.os-slivnica.si\/?p=2459","title":{"rendered":"Tretje\u0161olci prispeli v Se\u010do"},"content":{"rendered":"<p>U\u010denci tretjega razreda so se danes odpravili v Se\u010do v C\u0160OD Burja, kjer bodo poleg plavanja spoznavali zna\u010dilnosti primorske pokrajine. V Se\u010di, kamor so varno prispeli, jih je pri\u010dakalo sonce.<\/p>\n<p><a href=\"http:\/\/slivnica.splet.arnes.si\/files\/2016\/10\/DSC_1730.jpg\"><img loading=\"lazy\" decoding=\"async\" class=\"alignnone size-medium wp-image-2466\" src=\"http:\/\/slivnica.splet.arnes.si\/files\/2016\/10\/DSC_1730-300x169.jpg\" alt=\"DSC_1730\" width=\"300\" height=\"169\" srcset=\"https:\/\/www.os-slivnica.si\/files\/2016\/10\/DSC_1730-300x169.jpg 300w, https:\/\/www.os-slivnica.si\/files\/2016\/10\/DSC_1730-1024x576.jpg 1024w, https:\/\/www.os-slivnica.si\/files\/2016\/10\/DSC_1730-1080x608.jpg 1080w\" sizes=\"(max-width: 300px) 100vw, 300px\" \/><\/a><\/p>\n","protected":false},"excerpt":{"rendered":"<p>U\u010denci tretjega razreda so se danes odpravili v Se\u010do v C\u0160OD Burja, kjer bodo poleg plavanja spoznavali zna\u010dilnosti primorske pokrajine. V Se\u010di, kamor so varno prispeli, jih je pri\u010dakalo sonce.<\/p>\n","protected":false},"author":5705,"featured_media":0,"comment_status":"closed","ping_status":"closed","sticky":false,"template":"","format":"standard","meta":{"_et_pb_use_builder":"","_et_pb_old_content":"","_et_gb_content_width":"","ngg_post_thumbnail":0,"footnotes":"","_expiration-date-status":"","_expiration-date":0,"_expiration-date-type":"","_expiration-date-categories":[],"_expiration-date-options":[]},"categories":[9],"tags":[],"class_list":["post-2459","post","type-post","status-publish","format-standard","hentry","category-aktualno","et-doesnt-have-format-content","et_post_format-et-post-format-standard"],"_links":{"self":[{"href":"https:\/\/www.os-slivnica.si\/index.php?rest_route=\/wp\/v2\/posts\/2459","targetHints":{"allow":["GET"]}}],"collection":[{"href":"https:\/\/www.os-slivnica.si\/index.php?rest_route=\/wp\/v2\/posts"}],"about":[{"href":"https:\/\/www.os-slivnica.si\/index.php?rest_route=\/wp\/v2\/types\/post"}],"author":[{"embeddable":true,"href":"https:\/\/www.os-slivnica.si\/index.php?rest_route=\/wp\/v2\/users\/5705"}],"replies":[{"embeddable":true,"href":"https:\/\/www.os-slivnica.si\/index.php?rest_route=%2Fwp%2Fv2%2Fcomments&post=2459"}],"version-history":[{"count":3,"href":"https:\/\/www.os-slivnica.si\/index.php?rest_route=\/wp\/v2\/posts\/2459\/revisions"}],"predecessor-version":[{"id":2467,"href":"https:\/\/www.os-slivnica.si\/index.php?rest_route=\/wp\/v2\/posts\/2459\/revisions\/2467"}],"wp:attachment":[{"href":"https:\/\/www.os-slivnica.si\/index.php?rest_route=%2Fwp%2Fv2%2Fmedia&parent=2459"}],"wp:term":[{"taxonomy":"category","embeddable":true,"href":"https:\/\/www.os-slivnica.si\/index.php?rest_route=%2Fwp%2Fv2%2Fcategories&post=2459"},{"taxonomy":"post_tag","embeddable":true,"href":"https:\/\/www.os-slivnica.si\/index.php?rest_route=%2Fwp%2Fv2%2Ftags&post=2459"}],"curies":[{"name":"wp","href":"https:\/\/api.w.org\/{rel}","templated":true}]}}