{"id":2456,"date":"2016-10-03T10:30:18","date_gmt":"2016-10-03T08:30:18","guid":{"rendered":"http:\/\/slivnica.splet.arnes.si\/?p=2456"},"modified":"2016-10-03T10:30:18","modified_gmt":"2016-10-03T08:30:18","slug":"ekskurzija-na-dolenjsko","status":"publish","type":"post","link":"https:\/\/www.os-slivnica.si\/?p=2456","title":{"rendered":"Ekskurzija na Dolenjsko"},"content":{"rendered":"<p>EKSKURZIJA\u00a0 NA\u00a0 DOLENJSKO<\/p>\n<p>V torek, 27. 9. 2016 smo se u\u010denci 6. razreda odpravili na Dolenjsko. Ogledali smo si samostan Sti\u010dna in Trubarjevo doma\u010dijo.<\/p>\n<p><!--more--><\/p>\n<p>Najprej nas je pot vodila do samostana Sti\u010dna, kjer \u0161e vedno \u017eivi \u0161tirinajst menihov. Tam smo si ogledali kri\u017eni hodnik, pokopali\u0161\u010de, kjer so pokopani menihi in maketo samostana neko\u010d in danes. Ogledali smo si tudi cerkev, ki je druga najve\u010dja v Sloveniji.<\/p>\n<p>Nato smo \u0161li na Trubarjevo doma\u010dijo, kjer smo imeli kratko predavanje o njegovem \u017eivljenju. Nato smo si ogledali notranjost mlina in \u017eage. Izdelali smo tudi knji\u017eico.<\/p>\n<p>U\u010denci 6. b razreda<\/p>\n<p class=\"Standard\"><span style=\"font-family: 'Arial',sans-serif\">Vtisi z ekskurzije<\/span><\/p>\n<p class=\"Standard\"><span style=\"font-family: 'Arial',sans-serif\">V samostanu v Sti\u010dni sem veliko videla in se nau\u010dila. V\u0161e\u010d mi je bogata cerkev in freske. \u0160koda, da nisem videla nobenega meniha. Imeli smo zanimivo delavnico, barvali smo prve \u010drke svojih imen, ki se imenujejo inicialke. (Jerneja Gaj\u0161ek, Jakob Tojnko, Iva \u010cede, Klara Jan\u010di\u010d)<\/span><\/p>\n<p class=\"Standard\"><span style=\"font-family: 'Arial',sans-serif\">V Ra\u0161ici smo si ogledali rojstno hi\u0161o Primo\u017ea Trubarja in sli\u0161ali veliko o njegovem \u017eivljenju ter o nastanku prvih dveh slovenskih knjig. Videli smo tudi mlin in \u017eago in zvedeli, kako sta neko\u010d delovala. To nas je zelo zanimalo. (Alja\u017e Kramper\u0161ek, Teo \u0160poljar, Tomi Tan\u0161ek)<\/span><\/p>\n<p class=\"Standard\"><span style=\"font-family: 'Arial',sans-serif\">Ekskurzija je bila zelo pou\u010dna, \u0161e posebej ko smo imeli delavnico \u2013 bili smo knjigovezi in si izdelali vsak svojo mini knjigo. Imamo jo za lep spomin. (Anja Skale, Mateja Kro\u0161l, Eva Skale)<\/span><\/p>\n<p class=\"Standard\"><span style=\"font-family: 'Arial',sans-serif\">V\u0161e\u010d so mi bile delavnice ter ogled mlina in \u017eage na Trubarjevi doma\u010diji. Na avtobusu smo se imeli lepo, \u010deprav je bila vo\u017enja dolga.(Ambro\u017e Skale, Mojca Drobne, Oskar Gaj\u0161ek, Matej Domanjko)<\/span><\/p>\n<p class=\"Standard\">ngg_shortcode_0_placeholder<\/p>\n","protected":false},"excerpt":{"rendered":"<p>EKSKURZIJA\u00a0 NA\u00a0 DOLENJSKO V torek, 27. 9. 2016 smo se u\u010denci 6. razreda odpravili na Dolenjsko. Ogledali smo si samostan Sti\u010dna in Trubarjevo doma\u010dijo.<\/p>\n","protected":false},"author":6071,"featured_media":0,"comment_status":"closed","ping_status":"closed","sticky":false,"template":"","format":"standard","meta":{"_et_pb_use_builder":"","_et_pb_old_content":"","_et_gb_content_width":"","ngg_post_thumbnail":0,"footnotes":"","_expiration-date-status":"","_expiration-date":0,"_expiration-date-type":"","_expiration-date-categories":[],"_expiration-date-options":[]},"categories":[9],"tags":[],"class_list":["post-2456","post","type-post","status-publish","format-standard","hentry","category-aktualno","et-doesnt-have-format-content","et_post_format-et-post-format-standard"],"_links":{"self":[{"href":"https:\/\/www.os-slivnica.si\/index.php?rest_route=\/wp\/v2\/posts\/2456","targetHints":{"allow":["GET"]}}],"collection":[{"href":"https:\/\/www.os-slivnica.si\/index.php?rest_route=\/wp\/v2\/posts"}],"about":[{"href":"https:\/\/www.os-slivnica.si\/index.php?rest_route=\/wp\/v2\/types\/post"}],"author":[{"embeddable":true,"href":"https:\/\/www.os-slivnica.si\/index.php?rest_route=\/wp\/v2\/users\/6071"}],"replies":[{"embeddable":true,"href":"https:\/\/www.os-slivnica.si\/index.php?rest_route=%2Fwp%2Fv2%2Fcomments&post=2456"}],"version-history":[{"count":1,"href":"https:\/\/www.os-slivnica.si\/index.php?rest_route=\/wp\/v2\/posts\/2456\/revisions"}],"predecessor-version":[{"id":2457,"href":"https:\/\/www.os-slivnica.si\/index.php?rest_route=\/wp\/v2\/posts\/2456\/revisions\/2457"}],"wp:attachment":[{"href":"https:\/\/www.os-slivnica.si\/index.php?rest_route=%2Fwp%2Fv2%2Fmedia&parent=2456"}],"wp:term":[{"taxonomy":"category","embeddable":true,"href":"https:\/\/www.os-slivnica.si\/index.php?rest_route=%2Fwp%2Fv2%2Fcategories&post=2456"},{"taxonomy":"post_tag","embeddable":true,"href":"https:\/\/www.os-slivnica.si\/index.php?rest_route=%2Fwp%2Fv2%2Ftags&post=2456"}],"curies":[{"name":"wp","href":"https:\/\/api.w.org\/{rel}","templated":true}]}}