{"id":2441,"date":"2016-10-01T18:56:22","date_gmt":"2016-10-01T16:56:22","guid":{"rendered":"http:\/\/slivnica.splet.arnes.si\/?p=2441"},"modified":"2016-10-03T18:12:36","modified_gmt":"2016-10-03T16:12:36","slug":"likovno-ustvarjanje-na-tinskem","status":"publish","type":"post","link":"https:\/\/www.os-slivnica.si\/?p=2441","title":{"rendered":"Likovno ustvarjanje na Tinskem"},"content":{"rendered":"<p>Turisti\u010dno dru\u0161tvo Tinsko je \u017ee \u0161esto leto zapored organiziralo otro\u0161ko <strong>likovno kolonijo na Tinskem<\/strong>. Tako se je le-te v petek, 30. 9. 2016, udele\u017eilo kar 33 otrok iz bli\u017enjih \u0161ol, ki so pod mentorstvom slikarja <strong>Janka Ora\u010da<\/strong> slikali pokrajino. Uspe\u0161en, zanimiv in ustvarjalen dan so v dru\u017ebi sovrstnikov pre\u017eiveli tudi likovno nadarjeni u\u010denci 4. in 5. razreda mati\u010dne \u0161ole ter podru\u017enice Loka.<\/p>\nngg_shortcode_0_placeholder\n<p>&nbsp;<\/p>\n","protected":false},"excerpt":{"rendered":"<p>Turisti\u010dno dru\u0161tvo Tinsko je \u017ee \u0161esto leto zapored organiziralo otro\u0161ko likovno kolonijo na Tinskem. Tako se je le-te v petek, 30. 9. 2016, udele\u017eilo kar 33 otrok iz bli\u017enjih \u0161ol, ki so pod mentorstvom slikarja Janka Ora\u010da slikali pokrajino. Uspe\u0161en, zanimiv in ustvarjalen dan so v dru\u017ebi sovrstnikov pre\u017eiveli tudi likovno nadarjeni u\u010denci 4. in [&hellip;]<\/p>\n","protected":false},"author":5997,"featured_media":0,"comment_status":"closed","ping_status":"closed","sticky":false,"template":"","format":"standard","meta":{"_et_pb_use_builder":"","_et_pb_old_content":"","_et_gb_content_width":"","ngg_post_thumbnail":0,"footnotes":"","_expiration-date-status":"","_expiration-date":0,"_expiration-date-type":"","_expiration-date-categories":[],"_expiration-date-options":[]},"categories":[9,10],"tags":[],"class_list":["post-2441","post","type-post","status-publish","format-standard","hentry","category-aktualno","category-ps-loka","et-doesnt-have-format-content","et_post_format-et-post-format-standard"],"_links":{"self":[{"href":"https:\/\/www.os-slivnica.si\/index.php?rest_route=\/wp\/v2\/posts\/2441","targetHints":{"allow":["GET"]}}],"collection":[{"href":"https:\/\/www.os-slivnica.si\/index.php?rest_route=\/wp\/v2\/posts"}],"about":[{"href":"https:\/\/www.os-slivnica.si\/index.php?rest_route=\/wp\/v2\/types\/post"}],"author":[{"embeddable":true,"href":"https:\/\/www.os-slivnica.si\/index.php?rest_route=\/wp\/v2\/users\/5997"}],"replies":[{"embeddable":true,"href":"https:\/\/www.os-slivnica.si\/index.php?rest_route=%2Fwp%2Fv2%2Fcomments&post=2441"}],"version-history":[{"count":5,"href":"https:\/\/www.os-slivnica.si\/index.php?rest_route=\/wp\/v2\/posts\/2441\/revisions"}],"predecessor-version":[{"id":2463,"href":"https:\/\/www.os-slivnica.si\/index.php?rest_route=\/wp\/v2\/posts\/2441\/revisions\/2463"}],"wp:attachment":[{"href":"https:\/\/www.os-slivnica.si\/index.php?rest_route=%2Fwp%2Fv2%2Fmedia&parent=2441"}],"wp:term":[{"taxonomy":"category","embeddable":true,"href":"https:\/\/www.os-slivnica.si\/index.php?rest_route=%2Fwp%2Fv2%2Fcategories&post=2441"},{"taxonomy":"post_tag","embeddable":true,"href":"https:\/\/www.os-slivnica.si\/index.php?rest_route=%2Fwp%2Fv2%2Ftags&post=2441"}],"curies":[{"name":"wp","href":"https:\/\/api.w.org\/{rel}","templated":true}]}}