{"id":2403,"date":"2016-09-27T06:48:33","date_gmt":"2016-09-27T04:48:33","guid":{"rendered":"http:\/\/slivnica.splet.arnes.si\/?p=2403"},"modified":"2016-09-28T10:14:51","modified_gmt":"2016-09-28T08:14:51","slug":"medobcinsko-prvenstvo-v-jesenskem-krosu","status":"publish","type":"post","link":"https:\/\/www.os-slivnica.si\/?p=2403","title":{"rendered":"Medob\u010dinsko prvenstvo v jesenskem krosu"},"content":{"rendered":"<p>V ponedljek, 26. 9. 2016, je v Gorici pri Slivnici potekalo medob\u010dinsko prvenstvo v krosu. Teka\u010di so se pomerili na progi dolgi slabih 1000 metrov. Za na\u0161o \u0161olo je teklo 28 u\u010dencev, kar 6 jih je prejelo medelje.<\/p>\n<p>Vsem teka\u010dem iskreno \u010destitamo, hkrati se zahvaljujemo u\u010denkam, ki so pomagale pri pripravi tekmovanja in sojenju!<\/p>\n<p>Tukaj so \u0161e <a href=\"http:\/\/slivnica.splet.arnes.si\/files\/2016\/09\/REZULTATI.pdf\">REZULTATI.<\/a><\/p>\nngg_shortcode_0_placeholder\n","protected":false},"excerpt":{"rendered":"<p>V ponedljek, 26. 9. 2016, je v Gorici pri Slivnici potekalo medob\u010dinsko prvenstvo v krosu. Teka\u010di so se pomerili na progi dolgi slabih 1000 metrov. Za na\u0161o \u0161olo je teklo 28 u\u010dencev, kar 6 jih je prejelo medelje. Vsem teka\u010dem iskreno \u010destitamo, hkrati se zahvaljujemo u\u010denkam, ki so pomagale pri pripravi tekmovanja in sojenju! Tukaj [&hellip;]<\/p>\n","protected":false},"author":5704,"featured_media":0,"comment_status":"closed","ping_status":"closed","sticky":false,"template":"","format":"standard","meta":{"_et_pb_use_builder":"","_et_pb_old_content":"","_et_gb_content_width":"","ngg_post_thumbnail":0,"footnotes":"","_expiration-date-status":"","_expiration-date":0,"_expiration-date-type":"","_expiration-date-categories":[],"_expiration-date-options":[]},"categories":[9],"tags":[],"class_list":["post-2403","post","type-post","status-publish","format-standard","hentry","category-aktualno","et-doesnt-have-format-content","et_post_format-et-post-format-standard"],"_links":{"self":[{"href":"https:\/\/www.os-slivnica.si\/index.php?rest_route=\/wp\/v2\/posts\/2403","targetHints":{"allow":["GET"]}}],"collection":[{"href":"https:\/\/www.os-slivnica.si\/index.php?rest_route=\/wp\/v2\/posts"}],"about":[{"href":"https:\/\/www.os-slivnica.si\/index.php?rest_route=\/wp\/v2\/types\/post"}],"author":[{"embeddable":true,"href":"https:\/\/www.os-slivnica.si\/index.php?rest_route=\/wp\/v2\/users\/5704"}],"replies":[{"embeddable":true,"href":"https:\/\/www.os-slivnica.si\/index.php?rest_route=%2Fwp%2Fv2%2Fcomments&post=2403"}],"version-history":[{"count":2,"href":"https:\/\/www.os-slivnica.si\/index.php?rest_route=\/wp\/v2\/posts\/2403\/revisions"}],"predecessor-version":[{"id":2406,"href":"https:\/\/www.os-slivnica.si\/index.php?rest_route=\/wp\/v2\/posts\/2403\/revisions\/2406"}],"wp:attachment":[{"href":"https:\/\/www.os-slivnica.si\/index.php?rest_route=%2Fwp%2Fv2%2Fmedia&parent=2403"}],"wp:term":[{"taxonomy":"category","embeddable":true,"href":"https:\/\/www.os-slivnica.si\/index.php?rest_route=%2Fwp%2Fv2%2Fcategories&post=2403"},{"taxonomy":"post_tag","embeddable":true,"href":"https:\/\/www.os-slivnica.si\/index.php?rest_route=%2Fwp%2Fv2%2Ftags&post=2403"}],"curies":[{"name":"wp","href":"https:\/\/api.w.org\/{rel}","templated":true}]}}