{"id":2392,"date":"2016-09-26T23:45:10","date_gmt":"2016-09-26T21:45:10","guid":{"rendered":"http:\/\/slivnica.splet.arnes.si\/?p=2392"},"modified":"2016-09-27T00:01:37","modified_gmt":"2016-09-26T22:01:37","slug":"evropski-dan-jezikov-2016","status":"publish","type":"post","link":"https:\/\/www.os-slivnica.si\/?p=2392","title":{"rendered":"Evropski dan jezikov 2016"},"content":{"rendered":"<p><strong>Evropski dan jezikov<\/strong> je dan, ko praznujemo jezikovno raznolikost v Evropi in spodbujamo u\u010denje jezikov. Praznujemo ga na pobudo Sveta Evrope v Strasbourgu od leta 2001 dalje vsako leto 26. septembra. Na O\u0160 Slivnica pri Celju smo ta dan obele\u017eili s sodelovanjem na nate\u010daju slovenskega dru\u0161tva u\u010diteljev angle\u0161\u010dine IATEFL Slovenia in v eTwinning projektu <em>Let&#8217;s celebrate the European Day of Languages!<\/em><\/p>\n<p>Leto\u0161nja tematika nate\u010daja je bila zgodbe iz \u0161estih besed \u2013 u\u010denci so sestavljali zgodbe iz \u0161estih besed, svojo zgodbo pa so lahko na kreativen na\u010din zapisali v vizualni obliki kot likovni izdelek ali predstavili v video razli\u010dici \u00bbVine\u00ab.<\/p>\n<p>U\u010denci, ki sodelujejo v eTwinning projektu, so za vrstnike iz drugih sodelujo\u010dih dr\u017eav izdelali po\u0161tne razglednice in jih opremili s pozdravom v slovenskem in angle\u0161kem jeziku. Razglednice so bile pred dobrim tednom dni poslane na sodelujo\u010de \u0161ole, \u017ee prej\u0161nji teden pa smo na \u0161olo za\u010deli prejemati razglednice iz drugih dr\u017eav. V ve\u010dnamenskem prostoru \u0161ole pripravljamo razstavo razglednic.<\/p>\nngg_shortcode_0_placeholder\n<p><iframe loading=\"lazy\" width=\"1080\" height=\"810\" src=\"https:\/\/www.youtube.com\/embed\/R_Lpj0p04x8?feature=oembed\" frameborder=\"0\" allowfullscreen><\/iframe><\/p>\n<div style=\"width: 720px;\" class=\"wp-video\"><video class=\"wp-video-shortcode\" id=\"video-2392-1\" width=\"720\" height=\"720\" preload=\"metadata\" controls=\"controls\"><source type=\"video\/mp4\" src=\"http:\/\/slivnica.splet.arnes.si\/files\/2016\/09\/Dream.Music_.Food_.Friends.Travel.Life_by-Brina-Nika.mp4?_=1\" \/><a href=\"http:\/\/slivnica.splet.arnes.si\/files\/2016\/09\/Dream.Music_.Food_.Friends.Travel.Life_by-Brina-Nika.mp4\">http:\/\/slivnica.splet.arnes.si\/files\/2016\/09\/Dream.Music_.Food_.Friends.Travel.Life_by-Brina-Nika.mp4<\/a><\/video><\/div>\n","protected":false},"excerpt":{"rendered":"<p>Evropski dan jezikov je dan, ko praznujemo jezikovno raznolikost v Evropi in spodbujamo u\u010denje jezikov. Praznujemo ga na pobudo Sveta Evrope v Strasbourgu od leta 2001 dalje vsako leto 26. septembra. Na O\u0160 Slivnica pri Celju smo ta dan obele\u017eili s sodelovanjem na nate\u010daju slovenskega dru\u0161tva u\u010diteljev angle\u0161\u010dine IATEFL Slovenia in v eTwinning projektu Let&#8217;s [&hellip;]<\/p>\n","protected":false},"author":4243,"featured_media":0,"comment_status":"closed","ping_status":"closed","sticky":false,"template":"","format":"standard","meta":{"_et_pb_use_builder":"","_et_pb_old_content":"","_et_gb_content_width":"","ngg_post_thumbnail":0,"footnotes":"","_expiration-date-status":"","_expiration-date":0,"_expiration-date-type":"","_expiration-date-categories":[],"_expiration-date-options":[]},"categories":[9,10],"tags":[],"class_list":["post-2392","post","type-post","status-publish","format-standard","hentry","category-aktualno","category-ps-loka","et-doesnt-have-format-content","et_post_format-et-post-format-standard"],"_links":{"self":[{"href":"https:\/\/www.os-slivnica.si\/index.php?rest_route=\/wp\/v2\/posts\/2392","targetHints":{"allow":["GET"]}}],"collection":[{"href":"https:\/\/www.os-slivnica.si\/index.php?rest_route=\/wp\/v2\/posts"}],"about":[{"href":"https:\/\/www.os-slivnica.si\/index.php?rest_route=\/wp\/v2\/types\/post"}],"author":[{"embeddable":true,"href":"https:\/\/www.os-slivnica.si\/index.php?rest_route=\/wp\/v2\/users\/4243"}],"replies":[{"embeddable":true,"href":"https:\/\/www.os-slivnica.si\/index.php?rest_route=%2Fwp%2Fv2%2Fcomments&post=2392"}],"version-history":[{"count":5,"href":"https:\/\/www.os-slivnica.si\/index.php?rest_route=\/wp\/v2\/posts\/2392\/revisions"}],"predecessor-version":[{"id":2402,"href":"https:\/\/www.os-slivnica.si\/index.php?rest_route=\/wp\/v2\/posts\/2392\/revisions\/2402"}],"wp:attachment":[{"href":"https:\/\/www.os-slivnica.si\/index.php?rest_route=%2Fwp%2Fv2%2Fmedia&parent=2392"}],"wp:term":[{"taxonomy":"category","embeddable":true,"href":"https:\/\/www.os-slivnica.si\/index.php?rest_route=%2Fwp%2Fv2%2Fcategories&post=2392"},{"taxonomy":"post_tag","embeddable":true,"href":"https:\/\/www.os-slivnica.si\/index.php?rest_route=%2Fwp%2Fv2%2Ftags&post=2392"}],"curies":[{"name":"wp","href":"https:\/\/api.w.org\/{rel}","templated":true}]}}