{"id":2372,"date":"2016-09-21T18:25:44","date_gmt":"2016-09-21T16:25:44","guid":{"rendered":"http:\/\/slivnica.splet.arnes.si\/?p=2372"},"modified":"2016-09-21T18:29:27","modified_gmt":"2016-09-21T16:29:27","slug":"zacni-mlad-tekmuj-posteno-v-loki","status":"publish","type":"post","link":"https:\/\/www.os-slivnica.si\/?p=2372","title":{"rendered":"Za\u010dni mlad, tekmuj po\u0161teno v Loki"},"content":{"rendered":"<p>U\u010denci in u\u010diteljice na\u0161e \u0161ole smo se udele\u017eili projekta <strong>Za\u010dni mlad, tekmuj po\u0161teno<\/strong>, ki je potekal pod okriljem Atletske zveze Slovenije. Tako smo se vsi odpravili na na\u0161o tekalno progo, kjer smo tekli na 100 metrov. Uspe\u0161no? Seveda, saj razdalja ni bila dolga, pomembno je bilo, da je na\u0161 tek potekal po\u0161teno!<\/p>\nngg_shortcode_0_placeholder\n","protected":false},"excerpt":{"rendered":"<p>U\u010denci in u\u010diteljice na\u0161e \u0161ole smo se udele\u017eili projekta Za\u010dni mlad, tekmuj po\u0161teno, ki je potekal pod okriljem Atletske zveze Slovenije. Tako smo se vsi odpravili na na\u0161o tekalno progo, kjer smo tekli na 100 metrov. Uspe\u0161no? Seveda, saj razdalja ni bila dolga, pomembno je bilo, da je na\u0161 tek potekal po\u0161teno!<\/p>\n","protected":false},"author":5997,"featured_media":0,"comment_status":"closed","ping_status":"closed","sticky":false,"template":"","format":"standard","meta":{"_et_pb_use_builder":"","_et_pb_old_content":"","_et_gb_content_width":"","ngg_post_thumbnail":0,"footnotes":"","_expiration-date-status":"","_expiration-date":0,"_expiration-date-type":"","_expiration-date-categories":[],"_expiration-date-options":[]},"categories":[10],"tags":[],"class_list":["post-2372","post","type-post","status-publish","format-standard","hentry","category-ps-loka","et-doesnt-have-format-content","et_post_format-et-post-format-standard"],"_links":{"self":[{"href":"https:\/\/www.os-slivnica.si\/index.php?rest_route=\/wp\/v2\/posts\/2372","targetHints":{"allow":["GET"]}}],"collection":[{"href":"https:\/\/www.os-slivnica.si\/index.php?rest_route=\/wp\/v2\/posts"}],"about":[{"href":"https:\/\/www.os-slivnica.si\/index.php?rest_route=\/wp\/v2\/types\/post"}],"author":[{"embeddable":true,"href":"https:\/\/www.os-slivnica.si\/index.php?rest_route=\/wp\/v2\/users\/5997"}],"replies":[{"embeddable":true,"href":"https:\/\/www.os-slivnica.si\/index.php?rest_route=%2Fwp%2Fv2%2Fcomments&post=2372"}],"version-history":[{"count":2,"href":"https:\/\/www.os-slivnica.si\/index.php?rest_route=\/wp\/v2\/posts\/2372\/revisions"}],"predecessor-version":[{"id":2375,"href":"https:\/\/www.os-slivnica.si\/index.php?rest_route=\/wp\/v2\/posts\/2372\/revisions\/2375"}],"wp:attachment":[{"href":"https:\/\/www.os-slivnica.si\/index.php?rest_route=%2Fwp%2Fv2%2Fmedia&parent=2372"}],"wp:term":[{"taxonomy":"category","embeddable":true,"href":"https:\/\/www.os-slivnica.si\/index.php?rest_route=%2Fwp%2Fv2%2Fcategories&post=2372"},{"taxonomy":"post_tag","embeddable":true,"href":"https:\/\/www.os-slivnica.si\/index.php?rest_route=%2Fwp%2Fv2%2Ftags&post=2372"}],"curies":[{"name":"wp","href":"https:\/\/api.w.org\/{rel}","templated":true}]}}