{"id":2349,"date":"2016-09-16T08:05:41","date_gmt":"2016-09-16T06:05:41","guid":{"rendered":"http:\/\/slivnica.splet.arnes.si\/?p=2349"},"modified":"2016-09-16T08:05:41","modified_gmt":"2016-09-16T06:05:41","slug":"pozdrav-ptic-miru-v-os-slivnica","status":"publish","type":"post","link":"https:\/\/www.os-slivnica.si\/?p=2349","title":{"rendered":"Pozdrav ptic miru v O\u0160 Slivnica"},"content":{"rendered":"<p><strong>Prvi tehni\u0161ki dan<\/strong>, v 1. in 2. razredu <strong>O\u0160 Slivnica pri Celju<\/strong>, je minil v izdelovanju <strong>pti\u010djih hi\u0161k in pti\u010dkov<\/strong>. Pri izdelavi smo uporabili odpadno embala\u017eo (tetrapake, zama\u0161ke, zgo\u0161\u010denke, \u010dasopisni papir in papirnate brisa\u010de).<\/p>\n<p>S tem smo sodelovali tudi v projektu<strong>&#8220;Pozdrav ptic miru&#8221;<\/strong> in hkrati poskrbeli, da bomo imeli v prihajajo\u010dih hladnej\u0161ih dneh pti\u010dkom kam nasuti hrano.<\/p>\nngg_shortcode_0_placeholder\n","protected":false},"excerpt":{"rendered":"<p>Prvi tehni\u0161ki dan, v 1. in 2. razredu O\u0160 Slivnica pri Celju, je minil v izdelovanju pti\u010djih hi\u0161k in pti\u010dkov. Pri izdelavi smo uporabili odpadno embala\u017eo (tetrapake, zama\u0161ke, zgo\u0161\u010denke, \u010dasopisni papir in papirnate brisa\u010de). S tem smo sodelovali tudi v projektu&#8220;Pozdrav ptic miru&#8221; in hkrati poskrbeli, da bomo imeli v prihajajo\u010dih hladnej\u0161ih dneh pti\u010dkom kam [&hellip;]<\/p>\n","protected":false},"author":7519,"featured_media":0,"comment_status":"closed","ping_status":"closed","sticky":false,"template":"","format":"standard","meta":{"_et_pb_use_builder":"","_et_pb_old_content":"","_et_gb_content_width":"","ngg_post_thumbnail":0,"footnotes":"","_expiration-date-status":"","_expiration-date":0,"_expiration-date-type":"","_expiration-date-categories":[],"_expiration-date-options":[]},"categories":[9],"tags":[],"class_list":["post-2349","post","type-post","status-publish","format-standard","hentry","category-aktualno","et-doesnt-have-format-content","et_post_format-et-post-format-standard"],"_links":{"self":[{"href":"https:\/\/www.os-slivnica.si\/index.php?rest_route=\/wp\/v2\/posts\/2349","targetHints":{"allow":["GET"]}}],"collection":[{"href":"https:\/\/www.os-slivnica.si\/index.php?rest_route=\/wp\/v2\/posts"}],"about":[{"href":"https:\/\/www.os-slivnica.si\/index.php?rest_route=\/wp\/v2\/types\/post"}],"author":[{"embeddable":true,"href":"https:\/\/www.os-slivnica.si\/index.php?rest_route=\/wp\/v2\/users\/7519"}],"replies":[{"embeddable":true,"href":"https:\/\/www.os-slivnica.si\/index.php?rest_route=%2Fwp%2Fv2%2Fcomments&post=2349"}],"version-history":[{"count":3,"href":"https:\/\/www.os-slivnica.si\/index.php?rest_route=\/wp\/v2\/posts\/2349\/revisions"}],"predecessor-version":[{"id":7285,"href":"https:\/\/www.os-slivnica.si\/index.php?rest_route=\/wp\/v2\/posts\/2349\/revisions\/7285"}],"wp:attachment":[{"href":"https:\/\/www.os-slivnica.si\/index.php?rest_route=%2Fwp%2Fv2%2Fmedia&parent=2349"}],"wp:term":[{"taxonomy":"category","embeddable":true,"href":"https:\/\/www.os-slivnica.si\/index.php?rest_route=%2Fwp%2Fv2%2Fcategories&post=2349"},{"taxonomy":"post_tag","embeddable":true,"href":"https:\/\/www.os-slivnica.si\/index.php?rest_route=%2Fwp%2Fv2%2Ftags&post=2349"}],"curies":[{"name":"wp","href":"https:\/\/api.w.org\/{rel}","templated":true}]}}