{"id":2343,"date":"2016-09-14T12:58:53","date_gmt":"2016-09-14T10:58:53","guid":{"rendered":"http:\/\/slivnica.splet.arnes.si\/?p=2343"},"modified":"2016-09-14T20:35:31","modified_gmt":"2016-09-14T18:35:31","slug":"sportni-dan-na-prevorju","status":"publish","type":"post","link":"https:\/\/www.os-slivnica.si\/?p=2343","title":{"rendered":"\u0160portni dan na Prevorju"},"content":{"rendered":"<p style=\"text-align: justify\">Na son\u010dno sredino jutro, 14. septembra, smo se odpravili v Krivico. Pot\u00a0 smo si kraj\u0161ali s petjem in u\u017eivali ob prekrasnih pogledih na na\u0161o doma\u010do pokrajino. Na kmetiji Seli\u010d, kjer so nas prijetno sprejeli, smo pocartljali doma\u010de \u017eivali in se posladkali s keksi. Nazaj domov smo se ustavili \u0161e pri dru\u017eini Grobin-\u017dgajner, kjer smo se za name\u010dek \u0161portnega dne, \u0161e veselo poigrali.<\/p>\n<p style=\"text-align: justify\">ngg_shortcode_0_placeholder<\/p>\n","protected":false},"excerpt":{"rendered":"<p>Na son\u010dno sredino jutro, 14. septembra, smo se odpravili v Krivico. Pot\u00a0 smo si kraj\u0161ali s petjem in u\u017eivali ob prekrasnih pogledih na na\u0161o doma\u010do pokrajino. Na kmetiji Seli\u010d, kjer so nas prijetno sprejeli, smo pocartljali doma\u010de \u017eivali in se posladkali s keksi. Nazaj domov smo se ustavili \u0161e pri dru\u017eini Grobin-\u017dgajner, kjer smo se [&hellip;]<\/p>\n","protected":false},"author":6009,"featured_media":0,"comment_status":"closed","ping_status":"closed","sticky":false,"template":"","format":"standard","meta":{"_et_pb_use_builder":"","_et_pb_old_content":"","_et_gb_content_width":"","ngg_post_thumbnail":0,"footnotes":"","_expiration-date-status":"","_expiration-date":0,"_expiration-date-type":"","_expiration-date-categories":[],"_expiration-date-options":[]},"categories":[11],"tags":[],"class_list":["post-2343","post","type-post","status-publish","format-standard","hentry","category-ps-prevorje","et-doesnt-have-format-content","et_post_format-et-post-format-standard"],"_links":{"self":[{"href":"https:\/\/www.os-slivnica.si\/index.php?rest_route=\/wp\/v2\/posts\/2343","targetHints":{"allow":["GET"]}}],"collection":[{"href":"https:\/\/www.os-slivnica.si\/index.php?rest_route=\/wp\/v2\/posts"}],"about":[{"href":"https:\/\/www.os-slivnica.si\/index.php?rest_route=\/wp\/v2\/types\/post"}],"author":[{"embeddable":true,"href":"https:\/\/www.os-slivnica.si\/index.php?rest_route=\/wp\/v2\/users\/6009"}],"replies":[{"embeddable":true,"href":"https:\/\/www.os-slivnica.si\/index.php?rest_route=%2Fwp%2Fv2%2Fcomments&post=2343"}],"version-history":[{"count":3,"href":"https:\/\/www.os-slivnica.si\/index.php?rest_route=\/wp\/v2\/posts\/2343\/revisions"}],"predecessor-version":[{"id":2346,"href":"https:\/\/www.os-slivnica.si\/index.php?rest_route=\/wp\/v2\/posts\/2343\/revisions\/2346"}],"wp:attachment":[{"href":"https:\/\/www.os-slivnica.si\/index.php?rest_route=%2Fwp%2Fv2%2Fmedia&parent=2343"}],"wp:term":[{"taxonomy":"category","embeddable":true,"href":"https:\/\/www.os-slivnica.si\/index.php?rest_route=%2Fwp%2Fv2%2Fcategories&post=2343"},{"taxonomy":"post_tag","embeddable":true,"href":"https:\/\/www.os-slivnica.si\/index.php?rest_route=%2Fwp%2Fv2%2Ftags&post=2343"}],"curies":[{"name":"wp","href":"https:\/\/api.w.org\/{rel}","templated":true}]}}