{"id":2312,"date":"2016-09-02T12:16:37","date_gmt":"2016-09-02T10:16:37","guid":{"rendered":"http:\/\/slivnica.splet.arnes.si\/?p=2312"},"modified":"2016-09-02T12:16:37","modified_gmt":"2016-09-02T10:16:37","slug":"sprejem-prvosolcev-v-loki-pri-zusmu","status":"publish","type":"post","link":"https:\/\/www.os-slivnica.si\/?p=2312","title":{"rendered":"Sprejem prvo\u0161olcev v Loki pri \u017dusmu"},"content":{"rendered":"<p>V \u010detrtek, 1. septembra, je prag lo\u0161ke \u0161ole prvi\u010d prestopilo devet u\u010dencev. U\u010denci vi\u0161jih razredov so jim najprej pripravili kratek kulturni program, pozdravila pa jih je tudi vodja \u0161ole gospa Frida Guben\u0161ek. Nato so se v u\u010dilnici spoznali \u0161e z u\u010diteljicama Silvo in Jasmino, ki jih bosta to \u0161olsko leto pou\u010devali. Dobili so rumene rutice in se posladkali s torto. Skupaj s star\u0161i so se odpravili domov po nove mo\u010di za naporne prihajajo\u010de \u0161olske dni.<\/p>\nngg_shortcode_0_placeholder\n<p>&nbsp;<\/p>\n","protected":false},"excerpt":{"rendered":"<p>V \u010detrtek, 1. septembra, je prag lo\u0161ke \u0161ole prvi\u010d prestopilo devet u\u010dencev. U\u010denci vi\u0161jih razredov so jim najprej pripravili kratek kulturni program, pozdravila pa jih je tudi vodja \u0161ole gospa Frida Guben\u0161ek. Nato so se v u\u010dilnici spoznali \u0161e z u\u010diteljicama Silvo in Jasmino, ki jih bosta to \u0161olsko leto pou\u010devali. Dobili so rumene rutice [&hellip;]<\/p>\n","protected":false},"author":6078,"featured_media":0,"comment_status":"closed","ping_status":"closed","sticky":false,"template":"","format":"standard","meta":{"_et_pb_use_builder":"","_et_pb_old_content":"","_et_gb_content_width":"","ngg_post_thumbnail":0,"footnotes":"","_expiration-date-status":"","_expiration-date":0,"_expiration-date-type":"","_expiration-date-categories":[],"_expiration-date-options":[]},"categories":[10],"tags":[],"class_list":["post-2312","post","type-post","status-publish","format-standard","hentry","category-ps-loka","et-doesnt-have-format-content","et_post_format-et-post-format-standard"],"_links":{"self":[{"href":"https:\/\/www.os-slivnica.si\/index.php?rest_route=\/wp\/v2\/posts\/2312","targetHints":{"allow":["GET"]}}],"collection":[{"href":"https:\/\/www.os-slivnica.si\/index.php?rest_route=\/wp\/v2\/posts"}],"about":[{"href":"https:\/\/www.os-slivnica.si\/index.php?rest_route=\/wp\/v2\/types\/post"}],"author":[{"embeddable":true,"href":"https:\/\/www.os-slivnica.si\/index.php?rest_route=\/wp\/v2\/users\/6078"}],"replies":[{"embeddable":true,"href":"https:\/\/www.os-slivnica.si\/index.php?rest_route=%2Fwp%2Fv2%2Fcomments&post=2312"}],"version-history":[{"count":1,"href":"https:\/\/www.os-slivnica.si\/index.php?rest_route=\/wp\/v2\/posts\/2312\/revisions"}],"predecessor-version":[{"id":2313,"href":"https:\/\/www.os-slivnica.si\/index.php?rest_route=\/wp\/v2\/posts\/2312\/revisions\/2313"}],"wp:attachment":[{"href":"https:\/\/www.os-slivnica.si\/index.php?rest_route=%2Fwp%2Fv2%2Fmedia&parent=2312"}],"wp:term":[{"taxonomy":"category","embeddable":true,"href":"https:\/\/www.os-slivnica.si\/index.php?rest_route=%2Fwp%2Fv2%2Fcategories&post=2312"},{"taxonomy":"post_tag","embeddable":true,"href":"https:\/\/www.os-slivnica.si\/index.php?rest_route=%2Fwp%2Fv2%2Ftags&post=2312"}],"curies":[{"name":"wp","href":"https:\/\/api.w.org\/{rel}","templated":true}]}}