{"id":2294,"date":"2016-09-01T12:23:35","date_gmt":"2016-09-01T10:23:35","guid":{"rendered":"http:\/\/slivnica.splet.arnes.si\/?p=2294"},"modified":"2016-09-01T21:26:02","modified_gmt":"2016-09-01T19:26:02","slug":"prvi-solski-dan-na-prevorju","status":"publish","type":"post","link":"https:\/\/www.os-slivnica.si\/?p=2294","title":{"rendered":"Prvi \u0161olski dan na Prevorju"},"content":{"rendered":"<p>Vsi smo nestrpno pri\u010dakovali dana\u0161nji dan, predvsem pa na\u0161i prvo\u0161olci in njihovi star\u0161i. Ostali u\u010denci so jim pripravili kratek kulturni program. Nato so jih\u00a0pozdravile u\u010diteljice, pojedli so svojo prvo \u0161olsko malico in se \u010disto na koncu \u0161e zdravo posladkali ob spremljavi harmonike.<\/p>\nngg_shortcode_0_placeholder\n","protected":false},"excerpt":{"rendered":"<p>Vsi smo nestrpno pri\u010dakovali dana\u0161nji dan, predvsem pa na\u0161i prvo\u0161olci in njihovi star\u0161i. Ostali u\u010denci so jim pripravili kratek kulturni program. Nato so jih\u00a0pozdravile u\u010diteljice, pojedli so svojo prvo \u0161olsko malico in se \u010disto na koncu \u0161e zdravo posladkali ob spremljavi harmonike.<\/p>\n","protected":false},"author":7958,"featured_media":0,"comment_status":"closed","ping_status":"closed","sticky":false,"template":"","format":"standard","meta":{"_et_pb_use_builder":"","_et_pb_old_content":"","_et_gb_content_width":"","ngg_post_thumbnail":0,"footnotes":"","_expiration-date-status":"","_expiration-date":0,"_expiration-date-type":"","_expiration-date-categories":[],"_expiration-date-options":[]},"categories":[9,11],"tags":[],"class_list":["post-2294","post","type-post","status-publish","format-standard","hentry","category-aktualno","category-ps-prevorje","et-doesnt-have-format-content","et_post_format-et-post-format-standard"],"_links":{"self":[{"href":"https:\/\/www.os-slivnica.si\/index.php?rest_route=\/wp\/v2\/posts\/2294","targetHints":{"allow":["GET"]}}],"collection":[{"href":"https:\/\/www.os-slivnica.si\/index.php?rest_route=\/wp\/v2\/posts"}],"about":[{"href":"https:\/\/www.os-slivnica.si\/index.php?rest_route=\/wp\/v2\/types\/post"}],"author":[{"embeddable":true,"href":"https:\/\/www.os-slivnica.si\/index.php?rest_route=\/wp\/v2\/users\/7958"}],"replies":[{"embeddable":true,"href":"https:\/\/www.os-slivnica.si\/index.php?rest_route=%2Fwp%2Fv2%2Fcomments&post=2294"}],"version-history":[{"count":2,"href":"https:\/\/www.os-slivnica.si\/index.php?rest_route=\/wp\/v2\/posts\/2294\/revisions"}],"predecessor-version":[{"id":2296,"href":"https:\/\/www.os-slivnica.si\/index.php?rest_route=\/wp\/v2\/posts\/2294\/revisions\/2296"}],"wp:attachment":[{"href":"https:\/\/www.os-slivnica.si\/index.php?rest_route=%2Fwp%2Fv2%2Fmedia&parent=2294"}],"wp:term":[{"taxonomy":"category","embeddable":true,"href":"https:\/\/www.os-slivnica.si\/index.php?rest_route=%2Fwp%2Fv2%2Fcategories&post=2294"},{"taxonomy":"post_tag","embeddable":true,"href":"https:\/\/www.os-slivnica.si\/index.php?rest_route=%2Fwp%2Fv2%2Ftags&post=2294"}],"curies":[{"name":"wp","href":"https:\/\/api.w.org\/{rel}","templated":true}]}}