{"id":2257,"date":"2016-08-30T22:55:32","date_gmt":"2016-08-30T20:55:32","guid":{"rendered":"http:\/\/slivnica.splet.arnes.si\/?p=2257"},"modified":"2016-08-30T22:55:32","modified_gmt":"2016-08-30T20:55:32","slug":"zacetek-solskega-leta","status":"publish","type":"post","link":"https:\/\/www.os-slivnica.si\/?p=2257","title":{"rendered":"Za\u010detek \u0161olskega leta"},"content":{"rendered":"<p>Spo\u0161tovani u\u010denci in star\u0161i!<\/p>\n<p>V \u010detrtek, 1. 9. 2016, se za\u010denja novo \u0161olsko leto.<\/p>\n<p>Organizacija dela prvi \u0161olski dan.<\/p>\n<p>Jutranje varstvo bo v Gorici organizirano od 6. ure dalje.<\/p>\n<p>Pouk bo za u\u010dence od 2. do 5. razreda potekal od 8. do 10.45, za u\u010dence od 6. do 9. razreda pa od 8. do 11.15.<\/p>\n<p>Podalj\u0161ano bivanje bo organizriano kot obi\u010dajno do 16.00 ure.<\/p>\n<p>Avtobusni prevoz bo zjutraj organizran enako kot lansko \u0161olsko leto. Ob koncu pouka bo I. vo\u017enja ob 10.45, druga vo\u017enja pa ob 11.15.<\/p>\n<p>&nbsp;<\/p>\n<p>&nbsp;<\/p>\n<p>&nbsp;<\/p>\n<p>&nbsp;<\/p>\n","protected":false},"excerpt":{"rendered":"<p>Spo\u0161tovani u\u010denci in star\u0161i! V \u010detrtek, 1. 9. 2016, se za\u010denja novo \u0161olsko leto. Organizacija dela prvi \u0161olski dan. Jutranje varstvo bo v Gorici organizirano od 6. ure dalje. Pouk bo za u\u010dence od 2. do 5. razreda potekal od 8. do 10.45, za u\u010dence od 6. do 9. razreda pa od 8. do 11.15. [&hellip;]<\/p>\n","protected":false},"author":5705,"featured_media":0,"comment_status":"closed","ping_status":"closed","sticky":false,"template":"","format":"standard","meta":{"_et_pb_use_builder":"","_et_pb_old_content":"","_et_gb_content_width":"","ngg_post_thumbnail":0,"footnotes":"","_expiration-date-status":"","_expiration-date":0,"_expiration-date-type":"","_expiration-date-categories":[],"_expiration-date-options":[]},"categories":[9],"tags":[],"class_list":["post-2257","post","type-post","status-publish","format-standard","hentry","category-aktualno","et-doesnt-have-format-content","et_post_format-et-post-format-standard"],"_links":{"self":[{"href":"https:\/\/www.os-slivnica.si\/index.php?rest_route=\/wp\/v2\/posts\/2257","targetHints":{"allow":["GET"]}}],"collection":[{"href":"https:\/\/www.os-slivnica.si\/index.php?rest_route=\/wp\/v2\/posts"}],"about":[{"href":"https:\/\/www.os-slivnica.si\/index.php?rest_route=\/wp\/v2\/types\/post"}],"author":[{"embeddable":true,"href":"https:\/\/www.os-slivnica.si\/index.php?rest_route=\/wp\/v2\/users\/5705"}],"replies":[{"embeddable":true,"href":"https:\/\/www.os-slivnica.si\/index.php?rest_route=%2Fwp%2Fv2%2Fcomments&post=2257"}],"version-history":[{"count":1,"href":"https:\/\/www.os-slivnica.si\/index.php?rest_route=\/wp\/v2\/posts\/2257\/revisions"}],"predecessor-version":[{"id":2258,"href":"https:\/\/www.os-slivnica.si\/index.php?rest_route=\/wp\/v2\/posts\/2257\/revisions\/2258"}],"wp:attachment":[{"href":"https:\/\/www.os-slivnica.si\/index.php?rest_route=%2Fwp%2Fv2%2Fmedia&parent=2257"}],"wp:term":[{"taxonomy":"category","embeddable":true,"href":"https:\/\/www.os-slivnica.si\/index.php?rest_route=%2Fwp%2Fv2%2Fcategories&post=2257"},{"taxonomy":"post_tag","embeddable":true,"href":"https:\/\/www.os-slivnica.si\/index.php?rest_route=%2Fwp%2Fv2%2Ftags&post=2257"}],"curies":[{"name":"wp","href":"https:\/\/api.w.org\/{rel}","templated":true}]}}