{"id":2205,"date":"2016-06-27T21:55:33","date_gmt":"2016-06-27T19:55:33","guid":{"rendered":"http:\/\/slivnica.splet.arnes.si\/?p=2205"},"modified":"2016-06-29T11:56:07","modified_gmt":"2016-06-29T09:56:07","slug":"prireditev-ob-50-obletnici","status":"publish","type":"post","link":"https:\/\/www.os-slivnica.si\/?p=2205","title":{"rendered":"Prireditev ob 50. obletnici"},"content":{"rendered":"<p>V \u010detrtek, 23. 6. 2016 smo na O\u0160 Slivnica pri Celju slovesno obele\u017eili 50. obletnico \u0161ole v Gorici pri Slivnici. Na \u0161oli smo imeli dan odprtih vrat, kjer smo z razli\u010dnimi delavnicami, projekcijami in razstavami vsem obiskovalcem \u017eeleli predstaviti utrip \u0161ole. V kulturnem domu pa je potekala osrednja prireditev ob jubileju, kjer so sedanji in biv\u0161i u\u010denci s svojimi nastopi pri\u010darali \u010dudovit program in bodo utrinki ujeti v petdeset vsem obiskovalcem \u0161e dolgo ostali v lepem spominu. Osnovni \u0161oli Slivnica pri Celju pa je pripadla \u0161e posebna \u010dast, saj si je prislu\u017eila pohvalo Krajevne skupnosti Slivnica pri Celju, za uspe\u0161no vzgojno- izobra\u017eevalno delo in sodelovanje s KS, ob 50- letnici delovanja v Gorici pri Slivnici.<\/p>\n<p style=\"text-align: right\">Kaj menijo o dogodku mediji? <a href=\"http:\/\/www.sentjur.net\/?p=55691\" target=\"_blank\">sentjur. net<\/a><\/p>\n<p style=\"text-align: left\">ngg_shortcode_0_placeholder<\/p>\n<p>&nbsp;<\/p>\n","protected":false},"excerpt":{"rendered":"<p>V \u010detrtek, 23. 6. 2016 smo na O\u0160 Slivnica pri Celju slovesno obele\u017eili 50. obletnico \u0161ole v Gorici pri Slivnici. Na \u0161oli smo imeli dan odprtih vrat, kjer smo z razli\u010dnimi delavnicami, projekcijami in razstavami vsem obiskovalcem \u017eeleli predstaviti utrip \u0161ole. V kulturnem domu pa je potekala osrednja prireditev ob jubileju, kjer so sedanji in [&hellip;]<\/p>\n","protected":false},"author":5704,"featured_media":0,"comment_status":"closed","ping_status":"closed","sticky":false,"template":"","format":"standard","meta":{"_et_pb_use_builder":"","_et_pb_old_content":"","_et_gb_content_width":"","ngg_post_thumbnail":0,"footnotes":"","_expiration-date-status":"","_expiration-date":0,"_expiration-date-type":"","_expiration-date-categories":[],"_expiration-date-options":[]},"categories":[9],"tags":[],"class_list":["post-2205","post","type-post","status-publish","format-standard","hentry","category-aktualno","et-doesnt-have-format-content","et_post_format-et-post-format-standard"],"_links":{"self":[{"href":"https:\/\/www.os-slivnica.si\/index.php?rest_route=\/wp\/v2\/posts\/2205","targetHints":{"allow":["GET"]}}],"collection":[{"href":"https:\/\/www.os-slivnica.si\/index.php?rest_route=\/wp\/v2\/posts"}],"about":[{"href":"https:\/\/www.os-slivnica.si\/index.php?rest_route=\/wp\/v2\/types\/post"}],"author":[{"embeddable":true,"href":"https:\/\/www.os-slivnica.si\/index.php?rest_route=\/wp\/v2\/users\/5704"}],"replies":[{"embeddable":true,"href":"https:\/\/www.os-slivnica.si\/index.php?rest_route=%2Fwp%2Fv2%2Fcomments&post=2205"}],"version-history":[{"count":4,"href":"https:\/\/www.os-slivnica.si\/index.php?rest_route=\/wp\/v2\/posts\/2205\/revisions"}],"predecessor-version":[{"id":2209,"href":"https:\/\/www.os-slivnica.si\/index.php?rest_route=\/wp\/v2\/posts\/2205\/revisions\/2209"}],"wp:attachment":[{"href":"https:\/\/www.os-slivnica.si\/index.php?rest_route=%2Fwp%2Fv2%2Fmedia&parent=2205"}],"wp:term":[{"taxonomy":"category","embeddable":true,"href":"https:\/\/www.os-slivnica.si\/index.php?rest_route=%2Fwp%2Fv2%2Fcategories&post=2205"},{"taxonomy":"post_tag","embeddable":true,"href":"https:\/\/www.os-slivnica.si\/index.php?rest_route=%2Fwp%2Fv2%2Ftags&post=2205"}],"curies":[{"name":"wp","href":"https:\/\/api.w.org\/{rel}","templated":true}]}}