{"id":2200,"date":"2016-06-26T21:43:45","date_gmt":"2016-06-26T19:43:45","guid":{"rendered":"http:\/\/slivnica.splet.arnes.si\/?p=2200"},"modified":"2016-06-26T21:44:29","modified_gmt":"2016-06-26T19:44:29","slug":"z-vrocim-poletjem-skocili-na-pocitnice","status":"publish","type":"post","link":"https:\/\/www.os-slivnica.si\/?p=2200","title":{"rendered":"Z vro\u010dim poletjem sko\u010dili na po\u010ditnice"},"content":{"rendered":"<p style=\"text-align: justify\"><em><strong>Po\u010dil je lonec in pouka je&#8230;. konec!<\/strong> <\/em><\/p>\n<p style=\"text-align: justify\">Z zaklju\u010dno prireditvijo so se od minulega \u0161olskega leta poslovili tudi u\u010denci iz Prevorja. V scenariju o Vro\u010dem poletju so se u\u010denci in otroci iz vrtca predstavili s plesom, petjem, igranjem na glasbila, dramatiziranjem in deklamacijo. Na koncu je sledil sledil \u0161e posladek s sladoledom in na\u0161ega prijetnega dru\u017eenja za to \u0161olsko leto, je bilo konec.<\/p>\n<p style=\"text-align: justify\">ngg_shortcode_0_placeholder<\/p>\n<p style=\"text-align: justify\">\n","protected":false},"excerpt":{"rendered":"<p>Po\u010dil je lonec in pouka je&#8230;. konec! Z zaklju\u010dno prireditvijo so se od minulega \u0161olskega leta poslovili tudi u\u010denci iz Prevorja. V scenariju o Vro\u010dem poletju so se u\u010denci in otroci iz vrtca predstavili s plesom, petjem, igranjem na glasbila, dramatiziranjem in deklamacijo. Na koncu je sledil sledil \u0161e posladek s sladoledom in na\u0161ega prijetnega [&hellip;]<\/p>\n","protected":false},"author":6009,"featured_media":0,"comment_status":"closed","ping_status":"closed","sticky":false,"template":"","format":"standard","meta":{"_et_pb_use_builder":"","_et_pb_old_content":"","_et_gb_content_width":"","ngg_post_thumbnail":0,"footnotes":"","_expiration-date-status":"","_expiration-date":0,"_expiration-date-type":"","_expiration-date-categories":[],"_expiration-date-options":[]},"categories":[11],"tags":[],"class_list":["post-2200","post","type-post","status-publish","format-standard","hentry","category-ps-prevorje","et-doesnt-have-format-content","et_post_format-et-post-format-standard"],"_links":{"self":[{"href":"https:\/\/www.os-slivnica.si\/index.php?rest_route=\/wp\/v2\/posts\/2200","targetHints":{"allow":["GET"]}}],"collection":[{"href":"https:\/\/www.os-slivnica.si\/index.php?rest_route=\/wp\/v2\/posts"}],"about":[{"href":"https:\/\/www.os-slivnica.si\/index.php?rest_route=\/wp\/v2\/types\/post"}],"author":[{"embeddable":true,"href":"https:\/\/www.os-slivnica.si\/index.php?rest_route=\/wp\/v2\/users\/6009"}],"replies":[{"embeddable":true,"href":"https:\/\/www.os-slivnica.si\/index.php?rest_route=%2Fwp%2Fv2%2Fcomments&post=2200"}],"version-history":[{"count":2,"href":"https:\/\/www.os-slivnica.si\/index.php?rest_route=\/wp\/v2\/posts\/2200\/revisions"}],"predecessor-version":[{"id":2202,"href":"https:\/\/www.os-slivnica.si\/index.php?rest_route=\/wp\/v2\/posts\/2200\/revisions\/2202"}],"wp:attachment":[{"href":"https:\/\/www.os-slivnica.si\/index.php?rest_route=%2Fwp%2Fv2%2Fmedia&parent=2200"}],"wp:term":[{"taxonomy":"category","embeddable":true,"href":"https:\/\/www.os-slivnica.si\/index.php?rest_route=%2Fwp%2Fv2%2Fcategories&post=2200"},{"taxonomy":"post_tag","embeddable":true,"href":"https:\/\/www.os-slivnica.si\/index.php?rest_route=%2Fwp%2Fv2%2Ftags&post=2200"}],"curies":[{"name":"wp","href":"https:\/\/api.w.org\/{rel}","templated":true}]}}