{"id":2192,"date":"2016-06-24T09:40:58","date_gmt":"2016-06-24T07:40:58","guid":{"rendered":"http:\/\/slivnica.splet.arnes.si\/?p=2192"},"modified":"2016-06-24T09:55:40","modified_gmt":"2016-06-24T07:55:40","slug":"zakljucna-prireditev-na-ps-loka-pri-zusmu","status":"publish","type":"post","link":"https:\/\/www.os-slivnica.si\/?p=2192","title":{"rendered":"Zaklju\u010dna prireditev na P\u0160 Loka pri \u017dusmu"},"content":{"rendered":"<p>Zadnji \u0161olski dan smo po\u010dastili s kulturnim programom, v katerem so nastopali vsi u\u010denci na\u0161e \u0161ole ter otroci vrtca.<\/p>\n<p>Prisr\u010dno so se od nas poslovili trije peto\u0161olci, Alja\u017e, Klara in Mojca, ki bodo veselo in pogumno zakorakali v 6. razred mati\u010dne \u0161ole.<\/p>\n<p>Dragi u\u010denci, naj bodo va\u0161e po\u010ditnice spro\u0161\u010dene, zabavne, zanimive in dolge!<\/p>\n<p>Do jeseni na svidenje.<\/p>\nngg_shortcode_0_placeholder\n","protected":false},"excerpt":{"rendered":"<p>Zadnji \u0161olski dan smo po\u010dastili s kulturnim programom, v katerem so nastopali vsi u\u010denci na\u0161e \u0161ole ter otroci vrtca. Prisr\u010dno so se od nas poslovili trije peto\u0161olci, Alja\u017e, Klara in Mojca, ki bodo veselo in pogumno zakorakali v 6. razred mati\u010dne \u0161ole. Dragi u\u010denci, naj bodo va\u0161e po\u010ditnice spro\u0161\u010dene, zabavne, zanimive in dolge! Do jeseni [&hellip;]<\/p>\n","protected":false},"author":7958,"featured_media":0,"comment_status":"closed","ping_status":"closed","sticky":false,"template":"","format":"standard","meta":{"_et_pb_use_builder":"","_et_pb_old_content":"","_et_gb_content_width":"","ngg_post_thumbnail":0,"footnotes":"","_expiration-date-status":"","_expiration-date":0,"_expiration-date-type":"","_expiration-date-categories":[],"_expiration-date-options":[]},"categories":[9,10],"tags":[],"class_list":["post-2192","post","type-post","status-publish","format-standard","hentry","category-aktualno","category-ps-loka","et-doesnt-have-format-content","et_post_format-et-post-format-standard"],"_links":{"self":[{"href":"https:\/\/www.os-slivnica.si\/index.php?rest_route=\/wp\/v2\/posts\/2192","targetHints":{"allow":["GET"]}}],"collection":[{"href":"https:\/\/www.os-slivnica.si\/index.php?rest_route=\/wp\/v2\/posts"}],"about":[{"href":"https:\/\/www.os-slivnica.si\/index.php?rest_route=\/wp\/v2\/types\/post"}],"author":[{"embeddable":true,"href":"https:\/\/www.os-slivnica.si\/index.php?rest_route=\/wp\/v2\/users\/7958"}],"replies":[{"embeddable":true,"href":"https:\/\/www.os-slivnica.si\/index.php?rest_route=%2Fwp%2Fv2%2Fcomments&post=2192"}],"version-history":[{"count":2,"href":"https:\/\/www.os-slivnica.si\/index.php?rest_route=\/wp\/v2\/posts\/2192\/revisions"}],"predecessor-version":[{"id":2194,"href":"https:\/\/www.os-slivnica.si\/index.php?rest_route=\/wp\/v2\/posts\/2192\/revisions\/2194"}],"wp:attachment":[{"href":"https:\/\/www.os-slivnica.si\/index.php?rest_route=%2Fwp%2Fv2%2Fmedia&parent=2192"}],"wp:term":[{"taxonomy":"category","embeddable":true,"href":"https:\/\/www.os-slivnica.si\/index.php?rest_route=%2Fwp%2Fv2%2Fcategories&post=2192"},{"taxonomy":"post_tag","embeddable":true,"href":"https:\/\/www.os-slivnica.si\/index.php?rest_route=%2Fwp%2Fv2%2Ftags&post=2192"}],"curies":[{"name":"wp","href":"https:\/\/api.w.org\/{rel}","templated":true}]}}