{"id":2181,"date":"2016-06-21T10:19:32","date_gmt":"2016-06-21T08:19:32","guid":{"rendered":"http:\/\/slivnica.splet.arnes.si\/?p=2181"},"modified":"2016-06-21T10:19:32","modified_gmt":"2016-06-21T08:19:32","slug":"intervjuja-z-nasima-cebelarjema","status":"publish","type":"post","link":"https:\/\/www.os-slivnica.si\/?p=2181","title":{"rendered":"Intervjuja z na\u0161ima \u010debelarjema"},"content":{"rendered":"<p>V okviru eTwinning projekta &#8220;To BEE or not to BEE&#8221; smo posneli intervjuja z gospodom Andrejem Jernejem, mentorjem \u010debelarskega kro\u017eka, in \u017danom, njegovim u\u010dencem. Ve\u010d o projektu na:\u00a0<strong><a href=\"https:\/\/twinspace.etwinning.net\/8682\/home\" target=\"_blank\">https:\/\/twinspace.etwinning.net\/8682\/home<\/a><\/strong><\/p>\n<p>Intervju z Andrejem Jernejem:<\/p>\n<p><iframe loading=\"lazy\" width=\"1080\" height=\"608\" src=\"https:\/\/www.youtube.com\/embed\/IZo2mA0QDyA?feature=oembed\" frameborder=\"0\" allowfullscreen><\/iframe><\/p>\n<p>Intervju z \u017danom:<\/p>\n<p><iframe loading=\"lazy\" width=\"1080\" height=\"608\" src=\"https:\/\/www.youtube.com\/embed\/UI2cFPvqyBE?feature=oembed\" frameborder=\"0\" allowfullscreen><\/iframe><\/p>\n<p>&nbsp;<\/p>\n","protected":false},"excerpt":{"rendered":"<p>V okviru eTwinning projekta &#8220;To BEE or not to BEE&#8221; smo posneli intervjuja z gospodom Andrejem Jernejem, mentorjem \u010debelarskega kro\u017eka, in \u017danom, njegovim u\u010dencem. Ve\u010d o projektu na:\u00a0https:\/\/twinspace.etwinning.net\/8682\/home Intervju z Andrejem Jernejem: Intervju z \u017danom: &nbsp;<\/p>\n","protected":false},"author":4243,"featured_media":0,"comment_status":"closed","ping_status":"closed","sticky":false,"template":"","format":"standard","meta":{"_et_pb_use_builder":"","_et_pb_old_content":"","_et_gb_content_width":"","ngg_post_thumbnail":0,"footnotes":"","_expiration-date-status":"","_expiration-date":0,"_expiration-date-type":"","_expiration-date-categories":[],"_expiration-date-options":[]},"categories":[9],"tags":[],"class_list":["post-2181","post","type-post","status-publish","format-standard","hentry","category-aktualno","et-doesnt-have-format-content","et_post_format-et-post-format-standard"],"_links":{"self":[{"href":"https:\/\/www.os-slivnica.si\/index.php?rest_route=\/wp\/v2\/posts\/2181","targetHints":{"allow":["GET"]}}],"collection":[{"href":"https:\/\/www.os-slivnica.si\/index.php?rest_route=\/wp\/v2\/posts"}],"about":[{"href":"https:\/\/www.os-slivnica.si\/index.php?rest_route=\/wp\/v2\/types\/post"}],"author":[{"embeddable":true,"href":"https:\/\/www.os-slivnica.si\/index.php?rest_route=\/wp\/v2\/users\/4243"}],"replies":[{"embeddable":true,"href":"https:\/\/www.os-slivnica.si\/index.php?rest_route=%2Fwp%2Fv2%2Fcomments&post=2181"}],"version-history":[{"count":2,"href":"https:\/\/www.os-slivnica.si\/index.php?rest_route=\/wp\/v2\/posts\/2181\/revisions"}],"predecessor-version":[{"id":2183,"href":"https:\/\/www.os-slivnica.si\/index.php?rest_route=\/wp\/v2\/posts\/2181\/revisions\/2183"}],"wp:attachment":[{"href":"https:\/\/www.os-slivnica.si\/index.php?rest_route=%2Fwp%2Fv2%2Fmedia&parent=2181"}],"wp:term":[{"taxonomy":"category","embeddable":true,"href":"https:\/\/www.os-slivnica.si\/index.php?rest_route=%2Fwp%2Fv2%2Fcategories&post=2181"},{"taxonomy":"post_tag","embeddable":true,"href":"https:\/\/www.os-slivnica.si\/index.php?rest_route=%2Fwp%2Fv2%2Ftags&post=2181"}],"curies":[{"name":"wp","href":"https:\/\/api.w.org\/{rel}","templated":true}]}}