{"id":2173,"date":"2016-06-21T10:12:17","date_gmt":"2016-06-21T08:12:17","guid":{"rendered":"http:\/\/slivnica.splet.arnes.si\/?p=2173"},"modified":"2016-06-21T10:12:17","modified_gmt":"2016-06-21T08:12:17","slug":"ohranimo-dezevni-gozd","status":"publish","type":"post","link":"https:\/\/www.os-slivnica.si\/?p=2173","title":{"rendered":"Ohranimo de\u017eevni gozd!"},"content":{"rendered":"<div>Podprli smo nem\u0161ko \u0161olo Theodor Haubach Schule, ki s sovicami \u017eeli opozoriti Evropsko komisijo za podnebje, da prekomerna uporaba palmovega olja vpliva na kr\u010denje de\u017eevnega pragozda. Kr\u010denje tropskih gozdov ne pomeni zgolj uni\u010devanje lokalnega rastlinskega in \u017eivalskega sveta, temve\u010d vpliva tudi na podnebne spremembe, ki jih zaznavamo na globalni ravni.<\/div>\n<div><\/div>\n<div>Sovico so izdelali tudi lo\u0161ki u\u010denci Ana, Danaja, Alja\u017e in Klavdij. Skupaj s sovico smo na Evropsko komisijo poslali tudi sporo\u010dilo, da zahtevamo, da se ozna\u010dijo izdelki, ki vsebujejo palmovo olje.<\/div>\n<div><\/div>\n<div><a href=\"http:\/\/slivnica.splet.arnes.si\/files\/2016\/06\/DSCN6031.jpg\"><img loading=\"lazy\" decoding=\"async\" class=\"  wp-image-2178 alignleft\" src=\"http:\/\/slivnica.splet.arnes.si\/files\/2016\/06\/DSCN6031-300x225.jpg\" alt=\"DSCN6031\" width=\"334\" height=\"250\" srcset=\"https:\/\/www.os-slivnica.si\/files\/2016\/06\/DSCN6031-300x225.jpg 300w, https:\/\/www.os-slivnica.si\/files\/2016\/06\/DSCN6031-1024x768.jpg 1024w, https:\/\/www.os-slivnica.si\/files\/2016\/06\/DSCN6031-1080x810.jpg 1080w\" sizes=\"(max-width: 334px) 100vw, 334px\" \/><\/a><\/div>\n<div><\/div>\n<div><\/div>\n<div>\u00a0\u00a0<a href=\"http:\/\/slivnica.splet.arnes.si\/files\/2016\/06\/DSCN6033.jpg\"><img loading=\"lazy\" decoding=\"async\" class=\"alignnone  wp-image-2179\" src=\"http:\/\/slivnica.splet.arnes.si\/files\/2016\/06\/DSCN6033-300x225.jpg\" alt=\"DSCN6033\" width=\"334\" height=\"250\" srcset=\"https:\/\/www.os-slivnica.si\/files\/2016\/06\/DSCN6033-300x225.jpg 300w, https:\/\/www.os-slivnica.si\/files\/2016\/06\/DSCN6033-1024x768.jpg 1024w, https:\/\/www.os-slivnica.si\/files\/2016\/06\/DSCN6033-1080x810.jpg 1080w\" sizes=\"(max-width: 334px) 100vw, 334px\" \/><\/a><\/div>\n<div style=\"text-align: center\"><a href=\"http:\/\/slivnica.splet.arnes.si\/files\/2016\/06\/1.jpg\"><br \/>\n<\/a><a href=\"http:\/\/slivnica.splet.arnes.si\/files\/2016\/06\/2.jpg\"><img loading=\"lazy\" decoding=\"async\" class=\"alignnone size-medium wp-image-2176\" src=\"http:\/\/slivnica.splet.arnes.si\/files\/2016\/06\/2-240x300.jpg\" alt=\"2\" width=\"240\" height=\"300\" srcset=\"https:\/\/www.os-slivnica.si\/files\/2016\/06\/2-240x300.jpg 240w, https:\/\/www.os-slivnica.si\/files\/2016\/06\/2.jpg 799w\" sizes=\"(max-width: 240px) 100vw, 240px\" \/><\/a>\u00a0 \u00a0 \u00a0<a href=\"http:\/\/slivnica.splet.arnes.si\/files\/2016\/06\/1.jpg\"><img loading=\"lazy\" decoding=\"async\" class=\"alignnone size-medium wp-image-2175\" src=\"http:\/\/slivnica.splet.arnes.si\/files\/2016\/06\/1-227x300.jpg\" alt=\"1\" width=\"227\" height=\"300\" srcset=\"https:\/\/www.os-slivnica.si\/files\/2016\/06\/1-227x300.jpg 227w, https:\/\/www.os-slivnica.si\/files\/2016\/06\/1.jpg 758w\" sizes=\"(max-width: 227px) 100vw, 227px\" \/><\/a><\/div>\n","protected":false},"excerpt":{"rendered":"<p>Podprli smo nem\u0161ko \u0161olo Theodor Haubach Schule, ki s sovicami \u017eeli opozoriti Evropsko komisijo za podnebje, da prekomerna uporaba palmovega olja vpliva na kr\u010denje de\u017eevnega pragozda. Kr\u010denje tropskih gozdov ne pomeni zgolj uni\u010devanje lokalnega rastlinskega in \u017eivalskega sveta, temve\u010d vpliva tudi na podnebne spremembe, ki jih zaznavamo na globalni ravni. Sovico so izdelali tudi lo\u0161ki [&hellip;]<\/p>\n","protected":false},"author":4243,"featured_media":0,"comment_status":"closed","ping_status":"closed","sticky":false,"template":"","format":"standard","meta":{"_et_pb_use_builder":"","_et_pb_old_content":"","_et_gb_content_width":"","ngg_post_thumbnail":0,"footnotes":"","_expiration-date-status":"","_expiration-date":0,"_expiration-date-type":"","_expiration-date-categories":[],"_expiration-date-options":[]},"categories":[9,10],"tags":[],"class_list":["post-2173","post","type-post","status-publish","format-standard","hentry","category-aktualno","category-ps-loka","et-doesnt-have-format-content","et_post_format-et-post-format-standard"],"_links":{"self":[{"href":"https:\/\/www.os-slivnica.si\/index.php?rest_route=\/wp\/v2\/posts\/2173","targetHints":{"allow":["GET"]}}],"collection":[{"href":"https:\/\/www.os-slivnica.si\/index.php?rest_route=\/wp\/v2\/posts"}],"about":[{"href":"https:\/\/www.os-slivnica.si\/index.php?rest_route=\/wp\/v2\/types\/post"}],"author":[{"embeddable":true,"href":"https:\/\/www.os-slivnica.si\/index.php?rest_route=\/wp\/v2\/users\/4243"}],"replies":[{"embeddable":true,"href":"https:\/\/www.os-slivnica.si\/index.php?rest_route=%2Fwp%2Fv2%2Fcomments&post=2173"}],"version-history":[{"count":1,"href":"https:\/\/www.os-slivnica.si\/index.php?rest_route=\/wp\/v2\/posts\/2173\/revisions"}],"predecessor-version":[{"id":2180,"href":"https:\/\/www.os-slivnica.si\/index.php?rest_route=\/wp\/v2\/posts\/2173\/revisions\/2180"}],"wp:attachment":[{"href":"https:\/\/www.os-slivnica.si\/index.php?rest_route=%2Fwp%2Fv2%2Fmedia&parent=2173"}],"wp:term":[{"taxonomy":"category","embeddable":true,"href":"https:\/\/www.os-slivnica.si\/index.php?rest_route=%2Fwp%2Fv2%2Fcategories&post=2173"},{"taxonomy":"post_tag","embeddable":true,"href":"https:\/\/www.os-slivnica.si\/index.php?rest_route=%2Fwp%2Fv2%2Ftags&post=2173"}],"curies":[{"name":"wp","href":"https:\/\/api.w.org\/{rel}","templated":true}]}}