{"id":2141,"date":"2016-06-17T12:57:04","date_gmt":"2016-06-17T10:57:04","guid":{"rendered":"http:\/\/slivnica.splet.arnes.si\/?p=2141"},"modified":"2016-06-17T14:05:14","modified_gmt":"2016-06-17T12:05:14","slug":"50-obletnica-sole","status":"publish","type":"post","link":"https:\/\/www.os-slivnica.si\/?p=2141","title":{"rendered":"50. obletnica \u0161ole"},"content":{"rendered":"<p><strong>V \u010detrtek, 23. 6. 2016, bomo proslavljali obletnico \u0161ole popoldan, zato dopoldne ne bo pouka.<\/strong><\/p>\n<p><strong>Zbor u\u010dencev je popoldan \u00a0na \u0161olskem dvori\u0161\u010du ob\u00a0 15.45.<br \/>\n<\/strong><\/p>\n<p>Za u\u010dence voza\u010de bo ta\u00a0 dan\u00a0 organiziran \u0161olski prevoz<strong> samo za prihod<\/strong> <strong>u\u010dencev v \u0161olo.<\/strong><\/p>\n<ol>\n<li>vo\u017enja: 14.40 iz Loke pri \u017dusmu za u\u010dence od 6. &#8211; 9. razreda<\/li>\n<li>vo\u017enja: 15.10 iz Loke pri \u017dusmu za u\u010dence od 1. &#8211; 5. razreda in u\u010denci P\u0160 Loka pri \u017dusmu.<\/li>\n<\/ol>\n<p>Prevorje:<\/p>\n<ol>\n<li>vo\u017enja: 14.50 s Prevorja od 1. &#8211; 9. razreda in u\u010denci P\u0160 Prevorje ter postaje Prevorje, \u017degar, Ko\u0161nica, Paridol, Stopa, \u010cret, Turno<\/li>\n<li>vo\u017enja: 15.30 iz Podjezerce, Vezovje, \u010crnolica.<\/li>\n<\/ol>\n<p><strong>ZA PREVOZ DOMOV POSKRBITE STAR\u0160I.<\/strong><\/p>\n<p>Od 16.00 do 17.30 bomo na \u0161oli predstavili <a href=\"http:\/\/slivnica.splet.arnes.si\/files\/2016\/06\/vabilo-dan-odprtih-vrat.docx\" target=\"_blank\">dejavnosti <\/a>in vas vljudno vabimo, da si jih ogledate.<\/p>\n<p>Ob 17.30 se dejavnosti v \u0161oli\u00a0 zaklju\u010dijo, zato vas prosimo, da takrat skupaj s svojim otrokom odidete v kulturni dom.<\/p>\n<p>Ob 18.00 bo osrednja prireditev<strong> <a href=\"http:\/\/slivnica.splet.arnes.si\/files\/2016\/06\/vabilo-Utrinki-ujeti-v-petdeset.docx\">Utrinki ujeti v petdeset<\/a>.<br \/>\n<\/strong><\/p>\n<p>Vabimo vas, da po prireditvi ostanete na dru\u017eenju ob prigrizku.<\/p>\n<p>Vse, ki boste prispevali sladko ali slano pecivo, obve\u0161\u010damo, da boste pecivo lahko oddali v Kulturnem domu od 15. ure dalje.<\/p>\n<p>&nbsp;<\/p>\n","protected":false},"excerpt":{"rendered":"<p>V \u010detrtek, 23. 6. 2016, bomo proslavljali obletnico \u0161ole popoldan, zato dopoldne ne bo pouka. Zbor u\u010dencev je popoldan \u00a0na \u0161olskem dvori\u0161\u010du ob\u00a0 15.45. Za u\u010dence voza\u010de bo ta\u00a0 dan\u00a0 organiziran \u0161olski prevoz samo za prihod u\u010dencev v \u0161olo. vo\u017enja: 14.40 iz Loke pri \u017dusmu za u\u010dence od 6. &#8211; 9. razreda vo\u017enja: 15.10 iz [&hellip;]<\/p>\n","protected":false},"author":5705,"featured_media":0,"comment_status":"closed","ping_status":"closed","sticky":false,"template":"","format":"standard","meta":{"_et_pb_use_builder":"","_et_pb_old_content":"","_et_gb_content_width":"","ngg_post_thumbnail":0,"footnotes":"","_expiration-date-status":"","_expiration-date":0,"_expiration-date-type":"","_expiration-date-categories":[],"_expiration-date-options":[]},"categories":[9],"tags":[],"class_list":["post-2141","post","type-post","status-publish","format-standard","hentry","category-aktualno","et-doesnt-have-format-content","et_post_format-et-post-format-standard"],"_links":{"self":[{"href":"https:\/\/www.os-slivnica.si\/index.php?rest_route=\/wp\/v2\/posts\/2141","targetHints":{"allow":["GET"]}}],"collection":[{"href":"https:\/\/www.os-slivnica.si\/index.php?rest_route=\/wp\/v2\/posts"}],"about":[{"href":"https:\/\/www.os-slivnica.si\/index.php?rest_route=\/wp\/v2\/types\/post"}],"author":[{"embeddable":true,"href":"https:\/\/www.os-slivnica.si\/index.php?rest_route=\/wp\/v2\/users\/5705"}],"replies":[{"embeddable":true,"href":"https:\/\/www.os-slivnica.si\/index.php?rest_route=%2Fwp%2Fv2%2Fcomments&post=2141"}],"version-history":[{"count":7,"href":"https:\/\/www.os-slivnica.si\/index.php?rest_route=\/wp\/v2\/posts\/2141\/revisions"}],"predecessor-version":[{"id":2153,"href":"https:\/\/www.os-slivnica.si\/index.php?rest_route=\/wp\/v2\/posts\/2141\/revisions\/2153"}],"wp:attachment":[{"href":"https:\/\/www.os-slivnica.si\/index.php?rest_route=%2Fwp%2Fv2%2Fmedia&parent=2141"}],"wp:term":[{"taxonomy":"category","embeddable":true,"href":"https:\/\/www.os-slivnica.si\/index.php?rest_route=%2Fwp%2Fv2%2Fcategories&post=2141"},{"taxonomy":"post_tag","embeddable":true,"href":"https:\/\/www.os-slivnica.si\/index.php?rest_route=%2Fwp%2Fv2%2Ftags&post=2141"}],"curies":[{"name":"wp","href":"https:\/\/api.w.org\/{rel}","templated":true}]}}