{"id":2133,"date":"2016-06-16T11:16:43","date_gmt":"2016-06-16T09:16:43","guid":{"rendered":"http:\/\/slivnica.splet.arnes.si\/?p=2133"},"modified":"2016-06-16T11:32:50","modified_gmt":"2016-06-16T09:32:50","slug":"tehniski-dan-na-kozjanski-domaciji","status":"publish","type":"post","link":"https:\/\/www.os-slivnica.si\/?p=2133","title":{"rendered":"Tehni\u0161ki dan na Kozjanski doma\u010diji"},"content":{"rendered":"<p style=\"text-align: justify\">Zadnji <strong>tehni\u0161ki dan<\/strong> smo v torek, <strong>14. junija<\/strong> pre\u017eiveli na <strong>Kozjanski doma\u010diji<\/strong> v Dobju pri Planini. Gospod Bojan Gu\u010dek in gospa Pavla sta nas popeljala v preteklost in tako smo z ogledom kozjanske hi\u0161e in razli\u010dnimi kme\u010dkimi opravili <strong>obujali spomine<\/strong> na \u017eivljenje in delo na kmetiji neko\u010d. Iz sena smo si izdelali majhne \u017eoge-balke, lu\u0161\u010dili koruzo, mlatili in vejali, si napravili pisalo in risali z ogljem. Za name\u010dek pa smo se na koncu \u0161e poveselili ob doma\u010di glasbi z ljudskimi in prilo\u017enostnimi glasbili.<\/p>\n<p style=\"text-align: justify\">ngg_shortcode_0_placeholder<\/p>\n","protected":false},"excerpt":{"rendered":"<p>Zadnji tehni\u0161ki dan smo v torek, 14. junija pre\u017eiveli na Kozjanski doma\u010diji v Dobju pri Planini. Gospod Bojan Gu\u010dek in gospa Pavla sta nas popeljala v preteklost in tako smo z ogledom kozjanske hi\u0161e in razli\u010dnimi kme\u010dkimi opravili obujali spomine na \u017eivljenje in delo na kmetiji neko\u010d. Iz sena smo si izdelali majhne \u017eoge-balke, lu\u0161\u010dili [&hellip;]<\/p>\n","protected":false},"author":6009,"featured_media":0,"comment_status":"closed","ping_status":"closed","sticky":false,"template":"","format":"standard","meta":{"_et_pb_use_builder":"","_et_pb_old_content":"","_et_gb_content_width":"","ngg_post_thumbnail":0,"footnotes":"","_expiration-date-status":"","_expiration-date":0,"_expiration-date-type":"","_expiration-date-categories":[],"_expiration-date-options":[]},"categories":[11],"tags":[],"class_list":["post-2133","post","type-post","status-publish","format-standard","hentry","category-ps-prevorje","et-doesnt-have-format-content","et_post_format-et-post-format-standard"],"_links":{"self":[{"href":"https:\/\/www.os-slivnica.si\/index.php?rest_route=\/wp\/v2\/posts\/2133","targetHints":{"allow":["GET"]}}],"collection":[{"href":"https:\/\/www.os-slivnica.si\/index.php?rest_route=\/wp\/v2\/posts"}],"about":[{"href":"https:\/\/www.os-slivnica.si\/index.php?rest_route=\/wp\/v2\/types\/post"}],"author":[{"embeddable":true,"href":"https:\/\/www.os-slivnica.si\/index.php?rest_route=\/wp\/v2\/users\/6009"}],"replies":[{"embeddable":true,"href":"https:\/\/www.os-slivnica.si\/index.php?rest_route=%2Fwp%2Fv2%2Fcomments&post=2133"}],"version-history":[{"count":4,"href":"https:\/\/www.os-slivnica.si\/index.php?rest_route=\/wp\/v2\/posts\/2133\/revisions"}],"predecessor-version":[{"id":2137,"href":"https:\/\/www.os-slivnica.si\/index.php?rest_route=\/wp\/v2\/posts\/2133\/revisions\/2137"}],"wp:attachment":[{"href":"https:\/\/www.os-slivnica.si\/index.php?rest_route=%2Fwp%2Fv2%2Fmedia&parent=2133"}],"wp:term":[{"taxonomy":"category","embeddable":true,"href":"https:\/\/www.os-slivnica.si\/index.php?rest_route=%2Fwp%2Fv2%2Fcategories&post=2133"},{"taxonomy":"post_tag","embeddable":true,"href":"https:\/\/www.os-slivnica.si\/index.php?rest_route=%2Fwp%2Fv2%2Ftags&post=2133"}],"curies":[{"name":"wp","href":"https:\/\/api.w.org\/{rel}","templated":true}]}}