{"id":2086,"date":"2016-06-10T13:59:08","date_gmt":"2016-06-10T11:59:08","guid":{"rendered":"http:\/\/slivnica.splet.arnes.si\/?p=2086"},"modified":"2016-06-10T13:59:25","modified_gmt":"2016-06-10T11:59:25","slug":"planica-in-predsednik","status":"publish","type":"post","link":"https:\/\/www.os-slivnica.si\/?p=2086","title":{"rendered":"Planica in predsednik"},"content":{"rendered":"<p>V sredo, 8. 6. 2016, smo z Zvezo prijateljev mladine \u0160entjur od\u0161li na ekskurzijo.<\/p>\n<p>Najprej smo se odpeljali v dolino pod Poncami, kjer smo videli trening skakalcev \u2013 tudi avstrijskih reprezentantov. Nato smo se s sede\u017enico povzpeli na sam vrh velikanke in si jo ogledali \u0161e z druge perspektive. Na hitro smo si ogledali \u0161e nov \u0161portni center, potem pa je sledila vo\u017enja v Ljubljano, kjer smo si ogledali predsedni\u0161ko pala\u010do, ki nam jo je predstavil sam predsednik Borut Pahor. Najprej smo si ogledali kulturno prireditev ob dnevu Primo\u017ea Trubarja, nato pa smo se posladkali s sladoledom. Sledil je ogled pala\u010de in Ljubljane ter odhod domov.<\/p>\nngg_shortcode_0_placeholder\n","protected":false},"excerpt":{"rendered":"<p>V sredo, 8. 6. 2016, smo z Zvezo prijateljev mladine \u0160entjur od\u0161li na ekskurzijo. Najprej smo se odpeljali v dolino pod Poncami, kjer smo videli trening skakalcev \u2013 tudi avstrijskih reprezentantov. Nato smo se s sede\u017enico povzpeli na sam vrh velikanke in si jo ogledali \u0161e z druge perspektive. Na hitro smo si ogledali \u0161e [&hellip;]<\/p>\n","protected":false},"author":5704,"featured_media":0,"comment_status":"closed","ping_status":"closed","sticky":false,"template":"","format":"standard","meta":{"_et_pb_use_builder":"","_et_pb_old_content":"","_et_gb_content_width":"","ngg_post_thumbnail":0,"footnotes":"","_expiration-date-status":"","_expiration-date":0,"_expiration-date-type":"","_expiration-date-categories":[],"_expiration-date-options":[]},"categories":[9],"tags":[],"class_list":["post-2086","post","type-post","status-publish","format-standard","hentry","category-aktualno","et-doesnt-have-format-content","et_post_format-et-post-format-standard"],"_links":{"self":[{"href":"https:\/\/www.os-slivnica.si\/index.php?rest_route=\/wp\/v2\/posts\/2086","targetHints":{"allow":["GET"]}}],"collection":[{"href":"https:\/\/www.os-slivnica.si\/index.php?rest_route=\/wp\/v2\/posts"}],"about":[{"href":"https:\/\/www.os-slivnica.si\/index.php?rest_route=\/wp\/v2\/types\/post"}],"author":[{"embeddable":true,"href":"https:\/\/www.os-slivnica.si\/index.php?rest_route=\/wp\/v2\/users\/5704"}],"replies":[{"embeddable":true,"href":"https:\/\/www.os-slivnica.si\/index.php?rest_route=%2Fwp%2Fv2%2Fcomments&post=2086"}],"version-history":[{"count":2,"href":"https:\/\/www.os-slivnica.si\/index.php?rest_route=\/wp\/v2\/posts\/2086\/revisions"}],"predecessor-version":[{"id":2088,"href":"https:\/\/www.os-slivnica.si\/index.php?rest_route=\/wp\/v2\/posts\/2086\/revisions\/2088"}],"wp:attachment":[{"href":"https:\/\/www.os-slivnica.si\/index.php?rest_route=%2Fwp%2Fv2%2Fmedia&parent=2086"}],"wp:term":[{"taxonomy":"category","embeddable":true,"href":"https:\/\/www.os-slivnica.si\/index.php?rest_route=%2Fwp%2Fv2%2Fcategories&post=2086"},{"taxonomy":"post_tag","embeddable":true,"href":"https:\/\/www.os-slivnica.si\/index.php?rest_route=%2Fwp%2Fv2%2Ftags&post=2086"}],"curies":[{"name":"wp","href":"https:\/\/api.w.org\/{rel}","templated":true}]}}