{"id":2061,"date":"2016-06-08T20:38:56","date_gmt":"2016-06-08T18:38:56","guid":{"rendered":"http:\/\/slivnica.splet.arnes.si\/?p=2061"},"modified":"2016-06-08T20:41:09","modified_gmt":"2016-06-08T18:41:09","slug":"gostili-tabor-ucencev-os-franja-malgaja-sentjur","status":"publish","type":"post","link":"https:\/\/www.os-slivnica.si\/?p=2061","title":{"rendered":"Gostili tabor u\u010dencev O\u0160 Franja Malgaja \u0160entjur"},"content":{"rendered":"<p style=\"text-align: justify\">V<strong> ponedeljek, 6.<\/strong> in v<strong> torek, 7. junija<\/strong>, smo na Prevorju gostili tabor tretje\u0161olcev iz<strong> O\u0160 Franja Malgaja \u0160entjur.<\/strong> Tretje\u0161olci so u\u017eivali med zelenimi gri\u010di in hribovji neokrnjene narave, se spoznavali in glasbeno dru\u017eili z u\u010denci na\u0161e \u0161ole.<\/p>\n<p style=\"text-align: justify\">ngg_shortcode_0_placeholder<\/p>\n","protected":false},"excerpt":{"rendered":"<p>V ponedeljek, 6. in v torek, 7. junija, smo na Prevorju gostili tabor tretje\u0161olcev iz O\u0160 Franja Malgaja \u0160entjur. Tretje\u0161olci so u\u017eivali med zelenimi gri\u010di in hribovji neokrnjene narave, se spoznavali in glasbeno dru\u017eili z u\u010denci na\u0161e \u0161ole.<\/p>\n","protected":false},"author":6009,"featured_media":0,"comment_status":"closed","ping_status":"closed","sticky":false,"template":"","format":"standard","meta":{"_et_pb_use_builder":"","_et_pb_old_content":"","_et_gb_content_width":"","ngg_post_thumbnail":0,"footnotes":"","_expiration-date-status":"","_expiration-date":0,"_expiration-date-type":"","_expiration-date-categories":[],"_expiration-date-options":[]},"categories":[11],"tags":[],"class_list":["post-2061","post","type-post","status-publish","format-standard","hentry","category-ps-prevorje","et-doesnt-have-format-content","et_post_format-et-post-format-standard"],"_links":{"self":[{"href":"https:\/\/www.os-slivnica.si\/index.php?rest_route=\/wp\/v2\/posts\/2061","targetHints":{"allow":["GET"]}}],"collection":[{"href":"https:\/\/www.os-slivnica.si\/index.php?rest_route=\/wp\/v2\/posts"}],"about":[{"href":"https:\/\/www.os-slivnica.si\/index.php?rest_route=\/wp\/v2\/types\/post"}],"author":[{"embeddable":true,"href":"https:\/\/www.os-slivnica.si\/index.php?rest_route=\/wp\/v2\/users\/6009"}],"replies":[{"embeddable":true,"href":"https:\/\/www.os-slivnica.si\/index.php?rest_route=%2Fwp%2Fv2%2Fcomments&post=2061"}],"version-history":[{"count":2,"href":"https:\/\/www.os-slivnica.si\/index.php?rest_route=\/wp\/v2\/posts\/2061\/revisions"}],"predecessor-version":[{"id":2063,"href":"https:\/\/www.os-slivnica.si\/index.php?rest_route=\/wp\/v2\/posts\/2061\/revisions\/2063"}],"wp:attachment":[{"href":"https:\/\/www.os-slivnica.si\/index.php?rest_route=%2Fwp%2Fv2%2Fmedia&parent=2061"}],"wp:term":[{"taxonomy":"category","embeddable":true,"href":"https:\/\/www.os-slivnica.si\/index.php?rest_route=%2Fwp%2Fv2%2Fcategories&post=2061"},{"taxonomy":"post_tag","embeddable":true,"href":"https:\/\/www.os-slivnica.si\/index.php?rest_route=%2Fwp%2Fv2%2Ftags&post=2061"}],"curies":[{"name":"wp","href":"https:\/\/api.w.org\/{rel}","templated":true}]}}