{"id":2018,"date":"2016-05-30T15:28:06","date_gmt":"2016-05-30T13:28:06","guid":{"rendered":"http:\/\/slivnica.splet.arnes.si\/?p=2018"},"modified":"2016-05-31T21:43:51","modified_gmt":"2016-05-31T19:43:51","slug":"na-prevorju-se-je-plesalo-in-pelo","status":"publish","type":"post","link":"https:\/\/www.os-slivnica.si\/?p=2018","title":{"rendered":"Na Prevorju se je plesalo in pelo"},"content":{"rendered":"<p>V <strong>ponedeljek, 30. 5. 2016<\/strong>, nam je v\u00a0prvi triadi uro <strong>glasbene umetnosti<\/strong>\u00a0popestril harmonikar <strong>Robi Novak, <\/strong>s pomo\u010djo katerega smo do sedaj nau\u010dene pesmi zapeli \u0161e ob spremljavi njegove klavirske harmonike<strong>.<\/strong>\u00a0Pri uri smo se spoznali\u00a0tudi s tem instrumentom, vmes pa smo \u0161e kak\u0161no zaplesali. \u00a0ngg_shortcode_0_placeholder<\/p>\n","protected":false},"excerpt":{"rendered":"<p>V ponedeljek, 30. 5. 2016, nam je v\u00a0prvi triadi uro glasbene umetnosti\u00a0popestril harmonikar Robi Novak, s pomo\u010djo katerega smo do sedaj nau\u010dene pesmi zapeli \u0161e ob spremljavi njegove klavirske harmonike.\u00a0Pri uri smo se spoznali\u00a0tudi s tem instrumentom, vmes pa smo \u0161e kak\u0161no zaplesali. \u00a0<\/p>\n","protected":false},"author":6078,"featured_media":0,"comment_status":"closed","ping_status":"closed","sticky":false,"template":"","format":"standard","meta":{"_et_pb_use_builder":"","_et_pb_old_content":"","_et_gb_content_width":"","ngg_post_thumbnail":0,"footnotes":"","_expiration-date-status":"","_expiration-date":0,"_expiration-date-type":"","_expiration-date-categories":[],"_expiration-date-options":[]},"categories":[11],"tags":[],"class_list":["post-2018","post","type-post","status-publish","format-standard","hentry","category-ps-prevorje","et-doesnt-have-format-content","et_post_format-et-post-format-standard"],"_links":{"self":[{"href":"https:\/\/www.os-slivnica.si\/index.php?rest_route=\/wp\/v2\/posts\/2018","targetHints":{"allow":["GET"]}}],"collection":[{"href":"https:\/\/www.os-slivnica.si\/index.php?rest_route=\/wp\/v2\/posts"}],"about":[{"href":"https:\/\/www.os-slivnica.si\/index.php?rest_route=\/wp\/v2\/types\/post"}],"author":[{"embeddable":true,"href":"https:\/\/www.os-slivnica.si\/index.php?rest_route=\/wp\/v2\/users\/6078"}],"replies":[{"embeddable":true,"href":"https:\/\/www.os-slivnica.si\/index.php?rest_route=%2Fwp%2Fv2%2Fcomments&post=2018"}],"version-history":[{"count":5,"href":"https:\/\/www.os-slivnica.si\/index.php?rest_route=\/wp\/v2\/posts\/2018\/revisions"}],"predecessor-version":[{"id":2029,"href":"https:\/\/www.os-slivnica.si\/index.php?rest_route=\/wp\/v2\/posts\/2018\/revisions\/2029"}],"wp:attachment":[{"href":"https:\/\/www.os-slivnica.si\/index.php?rest_route=%2Fwp%2Fv2%2Fmedia&parent=2018"}],"wp:term":[{"taxonomy":"category","embeddable":true,"href":"https:\/\/www.os-slivnica.si\/index.php?rest_route=%2Fwp%2Fv2%2Fcategories&post=2018"},{"taxonomy":"post_tag","embeddable":true,"href":"https:\/\/www.os-slivnica.si\/index.php?rest_route=%2Fwp%2Fv2%2Ftags&post=2018"}],"curies":[{"name":"wp","href":"https:\/\/api.w.org\/{rel}","templated":true}]}}