{"id":1962,"date":"2016-05-26T14:57:45","date_gmt":"2016-05-26T12:57:45","guid":{"rendered":"http:\/\/slivnica.splet.arnes.si\/?p=1962"},"modified":"2016-05-26T14:59:29","modified_gmt":"2016-05-26T12:59:29","slug":"zakljucek-bralne-znacke-z-malim-princem","status":"publish","type":"post","link":"https:\/\/www.os-slivnica.si\/?p=1962","title":{"rendered":"Zaklju\u010dek Bralne zna\u010dke z Malim princem"},"content":{"rendered":"<p>Na na\u0161i \u0161oli \u0161e imamo pridne bralce, ki berejo tudi za Bralno zna\u010dko. Na leto\u0161njo prireditev ob zaklju\u010dku Bralne zna\u010dke smo \u00a0v sredo, 25. maja, povabili Dru\u0161tvo za bolj\u0161i svet. V \u0161olski telovadnici smo se zbrali vsi u\u010denci z razredne in predmetne stopnje ter u\u010denci z obeh podru\u017enic. Po kraj\u0161em kulturnem programu so nam \u010dlani dru\u0161tva uprizorili sodobno razli\u010dico Malega princa. Vse zbrane so navdu\u0161ili s svojo igro in posredovanimi sporo\u010dili, kaj je v \u017eivljenju res pomembno. Pokazali so nam pot k bolj\u0161emu svetu. Trudili se bomo biti bolj\u0161i in dajati prednost res pomembnim re\u010dem.ngg_shortcode_0_placeholder<\/p>\n","protected":false},"excerpt":{"rendered":"<p>Na na\u0161i \u0161oli \u0161e imamo pridne bralce, ki berejo tudi za Bralno zna\u010dko. Na leto\u0161njo prireditev ob zaklju\u010dku Bralne zna\u010dke smo \u00a0v sredo, 25. maja, povabili Dru\u0161tvo za bolj\u0161i svet. V \u0161olski telovadnici smo se zbrali vsi u\u010denci z razredne in predmetne stopnje ter u\u010denci z obeh podru\u017enic. Po kraj\u0161em kulturnem programu so nam \u010dlani [&hellip;]<\/p>\n","protected":false},"author":4050,"featured_media":0,"comment_status":"closed","ping_status":"closed","sticky":false,"template":"","format":"standard","meta":{"_et_pb_use_builder":"","_et_pb_old_content":"","_et_gb_content_width":"","ngg_post_thumbnail":0,"footnotes":"","_expiration-date-status":"","_expiration-date":0,"_expiration-date-type":"","_expiration-date-categories":[],"_expiration-date-options":[]},"categories":[9],"tags":[],"class_list":["post-1962","post","type-post","status-publish","format-standard","hentry","category-aktualno","et-doesnt-have-format-content","et_post_format-et-post-format-standard"],"_links":{"self":[{"href":"https:\/\/www.os-slivnica.si\/index.php?rest_route=\/wp\/v2\/posts\/1962","targetHints":{"allow":["GET"]}}],"collection":[{"href":"https:\/\/www.os-slivnica.si\/index.php?rest_route=\/wp\/v2\/posts"}],"about":[{"href":"https:\/\/www.os-slivnica.si\/index.php?rest_route=\/wp\/v2\/types\/post"}],"author":[{"embeddable":true,"href":"https:\/\/www.os-slivnica.si\/index.php?rest_route=\/wp\/v2\/users\/4050"}],"replies":[{"embeddable":true,"href":"https:\/\/www.os-slivnica.si\/index.php?rest_route=%2Fwp%2Fv2%2Fcomments&post=1962"}],"version-history":[{"count":5,"href":"https:\/\/www.os-slivnica.si\/index.php?rest_route=\/wp\/v2\/posts\/1962\/revisions"}],"predecessor-version":[{"id":1967,"href":"https:\/\/www.os-slivnica.si\/index.php?rest_route=\/wp\/v2\/posts\/1962\/revisions\/1967"}],"wp:attachment":[{"href":"https:\/\/www.os-slivnica.si\/index.php?rest_route=%2Fwp%2Fv2%2Fmedia&parent=1962"}],"wp:term":[{"taxonomy":"category","embeddable":true,"href":"https:\/\/www.os-slivnica.si\/index.php?rest_route=%2Fwp%2Fv2%2Fcategories&post=1962"},{"taxonomy":"post_tag","embeddable":true,"href":"https:\/\/www.os-slivnica.si\/index.php?rest_route=%2Fwp%2Fv2%2Ftags&post=1962"}],"curies":[{"name":"wp","href":"https:\/\/api.w.org\/{rel}","templated":true}]}}