{"id":1949,"date":"2016-05-25T22:44:21","date_gmt":"2016-05-25T20:44:21","guid":{"rendered":"http:\/\/slivnica.splet.arnes.si\/?p=1949"},"modified":"2016-05-26T21:21:17","modified_gmt":"2016-05-26T19:21:17","slug":"ekskurzija-v-gradec","status":"publish","type":"post","link":"https:\/\/www.os-slivnica.si\/?p=1949","title":{"rendered":"Ekskurzija v Gradec"},"content":{"rendered":"<p>V soboto, 14. maja 2016, smo se u\u010denci od 6. do 9. razreda udele\u017eili ekskurzije v Gradec. Zbrali smo se \u017ee zgodaj zjutraj na avtobusni postaji v Gorici. Od tod smo ob 7.00 z avtobusom krenili proti Gradcu. Med dolgo vo\u017enjo nam je turisti\u010dna vodnica povedala nekaj zanimivosti o Avstriji in mestu, v katerega smo se odpravljali. Po slabih dveh urah vo\u017enje smo prispeli v drugo najve\u010dje avstrijsko mesto in prestolnico avstrijske \u0160tajerske, Gradec. Sprva smo si ogledali mogo\u010dno stolnico, ki jo je dal zgraditi Friderik III. Zgrajena je bila leta 1464, gradili pa so jo kar 26 let. Ob njej stoji mavzolej, v katerem je pokopan cesar Ferdinand II. Nato smo se sprehodili po mestu do vzpenja\u010de, s katero smo se povzpeli \u0161e na Grajski gri\u010d (<em>Schlossberg<\/em>) in si ogledali mesto s pti\u010dje perspektive. Med sestopom smo se ustavili tudi ob stolpu z uro (<em>Uhrturm<\/em>), katere posebnost je, da je minutni kazalec kraj\u0161i od urnega.\u00a0Po sestopu z Grajskega gri\u010da smo pot pre\u010dkali po umetnem otoku na Muri (<em>Murinsel<\/em>), ki naj bi spominjal na morsko \u0161koljko. Otok spada med modernej\u0161e arhitekturne pridobitve, in sicer iz leta 2003, ko je bil Gradec kulturna prestolnica Evrope.\u00a0Pot smo nadaljevali proti mestnemu sredi\u0161\u010du, kjer smo si ogledali mestno hi\u0161o (<em>Rathaus<\/em>) ter Glavni trg (<em>Hauptplatz<\/em>), sredi katerega stoji vodnjak vojvode Janeza. Sledila je ura in pol prostega \u010das. U\u010denci smo \u010das izkoristili za malico v McDonald&#8217;su in nakupe po bli\u017enjih trgovinah, kjer nam je znanje nem\u0161\u010dine pri\u0161lo \u0161e kako prav. Skupaj smo se nato odpravili do avtobusa, s katerim smo se odpeljali v dobre pol ure oddaljen Riegersburg, kjer se nahaja \u010dokoladnica Zotter. V \u010dokoladnici smo si najprej ogledali predstavitveni film, v katerem smo izvedeli nekaj novega o najpomembnej\u0161i sestavini \u010dokolade \u2013 kakavu. Kakavovec uspeva v Ju\u017eni Ameriki, iz njegovih semen pa pridobivamo kakav. Sledil je po mnenju ve\u010dine u\u010dencev \u00bbnajslaj\u0161i\u00ab del na\u0161ega ogleda \u010dokoladnice \u2013 degustacija \u010dokolade. Vsak u\u010denec je dobil svojo \u017eli\u010dko, s katero smo lahko v neomejenih koli\u010dinah posku\u0161ali preko 170 vrst \u010dokolad. Od 100% kakava do \u010dokolad najrazli\u010dnej\u0161ih okusov in z raznimi dodatki. \u010cokolado smo ob koncu ogleda lahko kupili v trgovinici, nato pa smo se sprehodili \u0161e skozi \u017eivalski vrt in pokopali\u0161\u010de \u010dokolade, ki se nahajata ob \u010dokoladnici. Z \u017eelod\u010dki polnimi odli\u010dne \u010dokolade in utrujenimi nogami smo se usedli na avtobus in se polni pre\u010dudovitih do\u017eivetij odpravili nazaj proti Sloveniji.<\/p>\n<p style=\"text-align: right\">Kaja Tovornik, 9. B<\/p>\n<p><em>Ekskurzija v Gradec skozi objektiv Anje Furdi:<\/em><\/p>\nngg_shortcode_0_placeholder\n<p>&nbsp;<\/p>\n","protected":false},"excerpt":{"rendered":"<p>V soboto, 14. maja 2016, smo se u\u010denci od 6. do 9. razreda udele\u017eili ekskurzije v Gradec. Zbrali smo se \u017ee zgodaj zjutraj na avtobusni postaji v Gorici. Od tod smo ob 7.00 z avtobusom krenili proti Gradcu. Med dolgo vo\u017enjo nam je turisti\u010dna vodnica povedala nekaj zanimivosti o Avstriji in mestu, v katerega smo [&hellip;]<\/p>\n","protected":false},"author":4243,"featured_media":0,"comment_status":"closed","ping_status":"closed","sticky":false,"template":"","format":"standard","meta":{"_et_pb_use_builder":"","_et_pb_old_content":"","_et_gb_content_width":"","ngg_post_thumbnail":0,"footnotes":"","_expiration-date-status":"","_expiration-date":0,"_expiration-date-type":"","_expiration-date-categories":[],"_expiration-date-options":[]},"categories":[9],"tags":[],"class_list":["post-1949","post","type-post","status-publish","format-standard","hentry","category-aktualno","et-doesnt-have-format-content","et_post_format-et-post-format-standard"],"_links":{"self":[{"href":"https:\/\/www.os-slivnica.si\/index.php?rest_route=\/wp\/v2\/posts\/1949","targetHints":{"allow":["GET"]}}],"collection":[{"href":"https:\/\/www.os-slivnica.si\/index.php?rest_route=\/wp\/v2\/posts"}],"about":[{"href":"https:\/\/www.os-slivnica.si\/index.php?rest_route=\/wp\/v2\/types\/post"}],"author":[{"embeddable":true,"href":"https:\/\/www.os-slivnica.si\/index.php?rest_route=\/wp\/v2\/users\/4243"}],"replies":[{"embeddable":true,"href":"https:\/\/www.os-slivnica.si\/index.php?rest_route=%2Fwp%2Fv2%2Fcomments&post=1949"}],"version-history":[{"count":7,"href":"https:\/\/www.os-slivnica.si\/index.php?rest_route=\/wp\/v2\/posts\/1949\/revisions"}],"predecessor-version":[{"id":1969,"href":"https:\/\/www.os-slivnica.si\/index.php?rest_route=\/wp\/v2\/posts\/1949\/revisions\/1969"}],"wp:attachment":[{"href":"https:\/\/www.os-slivnica.si\/index.php?rest_route=%2Fwp%2Fv2%2Fmedia&parent=1949"}],"wp:term":[{"taxonomy":"category","embeddable":true,"href":"https:\/\/www.os-slivnica.si\/index.php?rest_route=%2Fwp%2Fv2%2Fcategories&post=1949"},{"taxonomy":"post_tag","embeddable":true,"href":"https:\/\/www.os-slivnica.si\/index.php?rest_route=%2Fwp%2Fv2%2Ftags&post=1949"}],"curies":[{"name":"wp","href":"https:\/\/api.w.org\/{rel}","templated":true}]}}