{"id":1935,"date":"2016-05-22T21:56:12","date_gmt":"2016-05-22T19:56:12","guid":{"rendered":"http:\/\/slivnica.splet.arnes.si\/?p=1935"},"modified":"2016-05-22T21:59:43","modified_gmt":"2016-05-22T19:59:43","slug":"maja-se-dogaja","status":"publish","type":"post","link":"https:\/\/www.os-slivnica.si\/?p=1935","title":{"rendered":"Maja se dogaja"},"content":{"rendered":"<p style=\"text-align: justify\">Tudi <strong>v mesecu maju<\/strong> je na Prevorju precej \u017eivahno. Minuli petek se je namre\u010d odvijala <strong>prireditev Maja se dogaja<\/strong>, v okviru kulturnega dru\u0161tva Prevorje. Zbrane obiskovalce je najprej do u\u0161es nasmejala<strong> dramska skupina Guzaj<\/strong>, nato pa so ve\u010der glasbeno in pevsko obogatili \u0161e <strong>ljudski pevci z godcema Dragom in Bogdanom<\/strong>, <strong>citrarka Janja Pol\u0161ak<\/strong> ter <strong>citrarka Jasmina Levi\u010dar z Martino in Melito<\/strong> ter <strong>mladi kulturniki in harmonikarji<\/strong> P\u0160 Prevorje.<\/p>\nngg_shortcode_0_placeholder\n","protected":false},"excerpt":{"rendered":"<p>Tudi v mesecu maju je na Prevorju precej \u017eivahno. Minuli petek se je namre\u010d odvijala prireditev Maja se dogaja, v okviru kulturnega dru\u0161tva Prevorje. Zbrane obiskovalce je najprej do u\u0161es nasmejala dramska skupina Guzaj, nato pa so ve\u010der glasbeno in pevsko obogatili \u0161e ljudski pevci z godcema Dragom in Bogdanom, citrarka Janja Pol\u0161ak ter citrarka [&hellip;]<\/p>\n","protected":false},"author":6009,"featured_media":0,"comment_status":"closed","ping_status":"closed","sticky":false,"template":"","format":"standard","meta":{"_et_pb_use_builder":"","_et_pb_old_content":"","_et_gb_content_width":"","ngg_post_thumbnail":0,"footnotes":"","_expiration-date-status":"","_expiration-date":0,"_expiration-date-type":"","_expiration-date-categories":[],"_expiration-date-options":[]},"categories":[11],"tags":[],"class_list":["post-1935","post","type-post","status-publish","format-standard","hentry","category-ps-prevorje","et-doesnt-have-format-content","et_post_format-et-post-format-standard"],"_links":{"self":[{"href":"https:\/\/www.os-slivnica.si\/index.php?rest_route=\/wp\/v2\/posts\/1935","targetHints":{"allow":["GET"]}}],"collection":[{"href":"https:\/\/www.os-slivnica.si\/index.php?rest_route=\/wp\/v2\/posts"}],"about":[{"href":"https:\/\/www.os-slivnica.si\/index.php?rest_route=\/wp\/v2\/types\/post"}],"author":[{"embeddable":true,"href":"https:\/\/www.os-slivnica.si\/index.php?rest_route=\/wp\/v2\/users\/6009"}],"replies":[{"embeddable":true,"href":"https:\/\/www.os-slivnica.si\/index.php?rest_route=%2Fwp%2Fv2%2Fcomments&post=1935"}],"version-history":[{"count":3,"href":"https:\/\/www.os-slivnica.si\/index.php?rest_route=\/wp\/v2\/posts\/1935\/revisions"}],"predecessor-version":[{"id":1938,"href":"https:\/\/www.os-slivnica.si\/index.php?rest_route=\/wp\/v2\/posts\/1935\/revisions\/1938"}],"wp:attachment":[{"href":"https:\/\/www.os-slivnica.si\/index.php?rest_route=%2Fwp%2Fv2%2Fmedia&parent=1935"}],"wp:term":[{"taxonomy":"category","embeddable":true,"href":"https:\/\/www.os-slivnica.si\/index.php?rest_route=%2Fwp%2Fv2%2Fcategories&post=1935"},{"taxonomy":"post_tag","embeddable":true,"href":"https:\/\/www.os-slivnica.si\/index.php?rest_route=%2Fwp%2Fv2%2Ftags&post=1935"}],"curies":[{"name":"wp","href":"https:\/\/api.w.org\/{rel}","templated":true}]}}