{"id":1928,"date":"2016-05-22T21:23:59","date_gmt":"2016-05-22T19:23:59","guid":{"rendered":"http:\/\/slivnica.splet.arnes.si\/?p=1928"},"modified":"2016-05-22T21:30:39","modified_gmt":"2016-05-22T19:30:39","slug":"obisk-otrok-iz-vrtca","status":"publish","type":"post","link":"https:\/\/www.os-slivnica.si\/?p=1928","title":{"rendered":"Obisk otrok iz vrtca"},"content":{"rendered":"<p>V<strong> tednu ljubiteljske kulture<\/strong> so nas v<strong> petek, 20. maja<\/strong>, v spremstvu vzgojiteljic, obiskali<strong> otroci iz vrtca Prevorje<\/strong>. U\u010denci prve triade smo jim pod vodstvom u\u010diteljic pripravili <strong>kraj\u0161i kulturni program<\/strong>. Predstavili smo se z <em>igrico Ele Peroci<\/em>,<strong><em> Moj de\u017enik je lahko balon, <\/em><\/strong>plesali in deklamirali<em>. <\/em>U\u010denci in otroci iz vrtca so u\u017eivali v<strong> skupnem dru\u017eenju.<\/strong><\/p>\nngg_shortcode_0_placeholder\n","protected":false},"excerpt":{"rendered":"<p>V tednu ljubiteljske kulture so nas v petek, 20. maja, v spremstvu vzgojiteljic, obiskali otroci iz vrtca Prevorje. U\u010denci prve triade smo jim pod vodstvom u\u010diteljic pripravili kraj\u0161i kulturni program. Predstavili smo se z igrico Ele Peroci, Moj de\u017enik je lahko balon, plesali in deklamirali. U\u010denci in otroci iz vrtca so u\u017eivali v skupnem dru\u017eenju.<\/p>\n","protected":false},"author":6009,"featured_media":0,"comment_status":"closed","ping_status":"closed","sticky":false,"template":"","format":"standard","meta":{"_et_pb_use_builder":"","_et_pb_old_content":"","_et_gb_content_width":"","ngg_post_thumbnail":0,"footnotes":"","_expiration-date-status":"","_expiration-date":0,"_expiration-date-type":"","_expiration-date-categories":[],"_expiration-date-options":[]},"categories":[11],"tags":[],"class_list":["post-1928","post","type-post","status-publish","format-standard","hentry","category-ps-prevorje","et-doesnt-have-format-content","et_post_format-et-post-format-standard"],"_links":{"self":[{"href":"https:\/\/www.os-slivnica.si\/index.php?rest_route=\/wp\/v2\/posts\/1928","targetHints":{"allow":["GET"]}}],"collection":[{"href":"https:\/\/www.os-slivnica.si\/index.php?rest_route=\/wp\/v2\/posts"}],"about":[{"href":"https:\/\/www.os-slivnica.si\/index.php?rest_route=\/wp\/v2\/types\/post"}],"author":[{"embeddable":true,"href":"https:\/\/www.os-slivnica.si\/index.php?rest_route=\/wp\/v2\/users\/6009"}],"replies":[{"embeddable":true,"href":"https:\/\/www.os-slivnica.si\/index.php?rest_route=%2Fwp%2Fv2%2Fcomments&post=1928"}],"version-history":[{"count":4,"href":"https:\/\/www.os-slivnica.si\/index.php?rest_route=\/wp\/v2\/posts\/1928\/revisions"}],"predecessor-version":[{"id":1932,"href":"https:\/\/www.os-slivnica.si\/index.php?rest_route=\/wp\/v2\/posts\/1928\/revisions\/1932"}],"wp:attachment":[{"href":"https:\/\/www.os-slivnica.si\/index.php?rest_route=%2Fwp%2Fv2%2Fmedia&parent=1928"}],"wp:term":[{"taxonomy":"category","embeddable":true,"href":"https:\/\/www.os-slivnica.si\/index.php?rest_route=%2Fwp%2Fv2%2Fcategories&post=1928"},{"taxonomy":"post_tag","embeddable":true,"href":"https:\/\/www.os-slivnica.si\/index.php?rest_route=%2Fwp%2Fv2%2Ftags&post=1928"}],"curies":[{"name":"wp","href":"https:\/\/api.w.org\/{rel}","templated":true}]}}