{"id":1916,"date":"2016-05-20T09:14:57","date_gmt":"2016-05-20T07:14:57","guid":{"rendered":"http:\/\/slivnica.splet.arnes.si\/?p=1916"},"modified":"2016-05-20T09:34:12","modified_gmt":"2016-05-20T07:34:12","slug":"tehniski-dan-ucencev-4-razreda-2","status":"publish","type":"post","link":"https:\/\/www.os-slivnica.si\/?p=1916","title":{"rendered":"Tehni\u0161ki dan u\u010dencev 4. razreda"},"content":{"rendered":"<p><em><strong>Jupi, sveti! Tudi moja &#8230; A misli\u0161, da moja pa ne?! Le poglej!<\/strong><\/em><\/p>\n<p>Nepopisno veselje lo\u0161kih \u010detrto\u0161olcev ob pogledu na kon\u010dni izdelek &#8211; no\u010dno lu\u010dko, ki so ga ustvarjali v \u010detrtek, 19. 5., ko so imeli tehni\u0161ki dan. Natan\u010dno branje, risanje, rezanje, lepljenje, sestavljanje elekti\u010dnega kroga &#8230; se je izpla\u010dalo, kajti njihovi ve\u010deri bodo sedaj druga\u010dni, saj bo na no\u010dni nomarici svetila njihova lu\u010dka.<\/p>\nngg_shortcode_0_placeholder\n","protected":false},"excerpt":{"rendered":"<p>Jupi, sveti! Tudi moja &#8230; A misli\u0161, da moja pa ne?! Le poglej! Nepopisno veselje lo\u0161kih \u010detrto\u0161olcev ob pogledu na kon\u010dni izdelek &#8211; no\u010dno lu\u010dko, ki so ga ustvarjali v \u010detrtek, 19. 5., ko so imeli tehni\u0161ki dan. Natan\u010dno branje, risanje, rezanje, lepljenje, sestavljanje elekti\u010dnega kroga &#8230; se je izpla\u010dalo, kajti njihovi ve\u010deri bodo sedaj [&hellip;]<\/p>\n","protected":false},"author":5997,"featured_media":0,"comment_status":"closed","ping_status":"closed","sticky":false,"template":"","format":"standard","meta":{"_et_pb_use_builder":"","_et_pb_old_content":"","_et_gb_content_width":"","ngg_post_thumbnail":0,"footnotes":"","_expiration-date-status":"","_expiration-date":0,"_expiration-date-type":"","_expiration-date-categories":[],"_expiration-date-options":[]},"categories":[10],"tags":[],"class_list":["post-1916","post","type-post","status-publish","format-standard","hentry","category-ps-loka","et-doesnt-have-format-content","et_post_format-et-post-format-standard"],"_links":{"self":[{"href":"https:\/\/www.os-slivnica.si\/index.php?rest_route=\/wp\/v2\/posts\/1916","targetHints":{"allow":["GET"]}}],"collection":[{"href":"https:\/\/www.os-slivnica.si\/index.php?rest_route=\/wp\/v2\/posts"}],"about":[{"href":"https:\/\/www.os-slivnica.si\/index.php?rest_route=\/wp\/v2\/types\/post"}],"author":[{"embeddable":true,"href":"https:\/\/www.os-slivnica.si\/index.php?rest_route=\/wp\/v2\/users\/5997"}],"replies":[{"embeddable":true,"href":"https:\/\/www.os-slivnica.si\/index.php?rest_route=%2Fwp%2Fv2%2Fcomments&post=1916"}],"version-history":[{"count":3,"href":"https:\/\/www.os-slivnica.si\/index.php?rest_route=\/wp\/v2\/posts\/1916\/revisions"}],"predecessor-version":[{"id":1920,"href":"https:\/\/www.os-slivnica.si\/index.php?rest_route=\/wp\/v2\/posts\/1916\/revisions\/1920"}],"wp:attachment":[{"href":"https:\/\/www.os-slivnica.si\/index.php?rest_route=%2Fwp%2Fv2%2Fmedia&parent=1916"}],"wp:term":[{"taxonomy":"category","embeddable":true,"href":"https:\/\/www.os-slivnica.si\/index.php?rest_route=%2Fwp%2Fv2%2Fcategories&post=1916"},{"taxonomy":"post_tag","embeddable":true,"href":"https:\/\/www.os-slivnica.si\/index.php?rest_route=%2Fwp%2Fv2%2Ftags&post=1916"}],"curies":[{"name":"wp","href":"https:\/\/api.w.org\/{rel}","templated":true}]}}