{"id":1909,"date":"2016-05-19T23:57:19","date_gmt":"2016-05-19T21:57:19","guid":{"rendered":"http:\/\/slivnica.splet.arnes.si\/?p=1909"},"modified":"2016-05-20T00:00:49","modified_gmt":"2016-05-19T22:00:49","slug":"pevski-zbori-os-slivnica-pri-celju-vabijo-na-31-letni-koncert","status":"publish","type":"post","link":"https:\/\/www.os-slivnica.si\/?p=1909","title":{"rendered":"Pevski zbori O\u0160 Slivnica pri Celju vabijo na 31. letni koncert"},"content":{"rendered":"<p>Pridite, sli\u0161ali boste tudi novo \u0161olsko himno!<a href=\"http:\/\/slivnica.splet.arnes.si\/files\/2016\/05\/plakat-1.jpg\"><br \/>\n<img loading=\"lazy\" decoding=\"async\" class=\"alignnone size-medium wp-image-1910\" src=\"http:\/\/slivnica.splet.arnes.si\/files\/2016\/05\/plakat-1-202x300.jpg\" alt=\"plakat-1\" width=\"202\" height=\"300\" srcset=\"https:\/\/www.os-slivnica.si\/files\/2016\/05\/plakat-1-202x300.jpg 202w, https:\/\/www.os-slivnica.si\/files\/2016\/05\/plakat-1-690x1024.jpg 690w, https:\/\/www.os-slivnica.si\/files\/2016\/05\/plakat-1-1080x1602.jpg 1080w, https:\/\/www.os-slivnica.si\/files\/2016\/05\/plakat-1.jpg 1297w\" sizes=\"(max-width: 202px) 100vw, 202px\" \/><\/a><\/p>\n","protected":false},"excerpt":{"rendered":"<p>Pridite, sli\u0161ali boste tudi novo \u0161olsko himno!<\/p>\n","protected":false},"author":5703,"featured_media":0,"comment_status":"closed","ping_status":"closed","sticky":false,"template":"","format":"standard","meta":{"_et_pb_use_builder":"","_et_pb_old_content":"","_et_gb_content_width":"","ngg_post_thumbnail":0,"footnotes":"","_expiration-date-status":"","_expiration-date":0,"_expiration-date-type":"","_expiration-date-categories":[],"_expiration-date-options":[]},"categories":[9],"tags":[],"class_list":["post-1909","post","type-post","status-publish","format-standard","hentry","category-aktualno","et-doesnt-have-format-content","et_post_format-et-post-format-standard"],"_links":{"self":[{"href":"https:\/\/www.os-slivnica.si\/index.php?rest_route=\/wp\/v2\/posts\/1909","targetHints":{"allow":["GET"]}}],"collection":[{"href":"https:\/\/www.os-slivnica.si\/index.php?rest_route=\/wp\/v2\/posts"}],"about":[{"href":"https:\/\/www.os-slivnica.si\/index.php?rest_route=\/wp\/v2\/types\/post"}],"author":[{"embeddable":true,"href":"https:\/\/www.os-slivnica.si\/index.php?rest_route=\/wp\/v2\/users\/5703"}],"replies":[{"embeddable":true,"href":"https:\/\/www.os-slivnica.si\/index.php?rest_route=%2Fwp%2Fv2%2Fcomments&post=1909"}],"version-history":[{"count":4,"href":"https:\/\/www.os-slivnica.si\/index.php?rest_route=\/wp\/v2\/posts\/1909\/revisions"}],"predecessor-version":[{"id":1914,"href":"https:\/\/www.os-slivnica.si\/index.php?rest_route=\/wp\/v2\/posts\/1909\/revisions\/1914"}],"wp:attachment":[{"href":"https:\/\/www.os-slivnica.si\/index.php?rest_route=%2Fwp%2Fv2%2Fmedia&parent=1909"}],"wp:term":[{"taxonomy":"category","embeddable":true,"href":"https:\/\/www.os-slivnica.si\/index.php?rest_route=%2Fwp%2Fv2%2Fcategories&post=1909"},{"taxonomy":"post_tag","embeddable":true,"href":"https:\/\/www.os-slivnica.si\/index.php?rest_route=%2Fwp%2Fv2%2Ftags&post=1909"}],"curies":[{"name":"wp","href":"https:\/\/api.w.org\/{rel}","templated":true}]}}