{"id":1899,"date":"2016-05-16T13:07:37","date_gmt":"2016-05-16T11:07:37","guid":{"rendered":"http:\/\/slivnica.splet.arnes.si\/?p=1899"},"modified":"2016-05-16T13:35:08","modified_gmt":"2016-05-16T11:35:08","slug":"teden-rdecega-kriza-2","status":"publish","type":"post","link":"https:\/\/www.os-slivnica.si\/?p=1899","title":{"rendered":"Teden rde\u010dega kri\u017ea"},"content":{"rendered":"<p>Tudi v \u0161oli Loka smo v petek, 13. 5., obele\u017eili <strong>Teden RK<\/strong> pod sloganom: <strong>150 let humanosti na Slovenskem &#8211; Povsod in za vsakogar.<\/strong><\/p>\n<p>U\u010denki Danaja in Doroteja sta u\u010dencem predstavili kratko zgodovino RK na Slovenskem ter njegove naloge, predvsem pa to, kako lahko mladi \u010dlani RK prispevajo k lep\u0161emu in bolj\u0161emu svetu.<\/p>\n<p>Sledil je sprejem prvo\u0161ol\u010dkov med \u010dlane RK ter kratek kulturni program. Po programu so se prvo\u0161ol\u010dki \u0161e posladkali s sladoledom ter poigrali z balon\u010dki, ki so jih dobili za spomin.<\/p>\nngg_shortcode_0_placeholder\n","protected":false},"excerpt":{"rendered":"<p>Tudi v \u0161oli Loka smo v petek, 13. 5., obele\u017eili Teden RK pod sloganom: 150 let humanosti na Slovenskem &#8211; Povsod in za vsakogar. U\u010denki Danaja in Doroteja sta u\u010dencem predstavili kratko zgodovino RK na Slovenskem ter njegove naloge, predvsem pa to, kako lahko mladi \u010dlani RK prispevajo k lep\u0161emu in bolj\u0161emu svetu. Sledil je [&hellip;]<\/p>\n","protected":false},"author":7958,"featured_media":0,"comment_status":"closed","ping_status":"closed","sticky":false,"template":"","format":"standard","meta":{"_et_pb_use_builder":"","_et_pb_old_content":"","_et_gb_content_width":"","ngg_post_thumbnail":0,"footnotes":"","_expiration-date-status":"","_expiration-date":0,"_expiration-date-type":"","_expiration-date-categories":[],"_expiration-date-options":[]},"categories":[9,10],"tags":[],"class_list":["post-1899","post","type-post","status-publish","format-standard","hentry","category-aktualno","category-ps-loka","et-doesnt-have-format-content","et_post_format-et-post-format-standard"],"_links":{"self":[{"href":"https:\/\/www.os-slivnica.si\/index.php?rest_route=\/wp\/v2\/posts\/1899","targetHints":{"allow":["GET"]}}],"collection":[{"href":"https:\/\/www.os-slivnica.si\/index.php?rest_route=\/wp\/v2\/posts"}],"about":[{"href":"https:\/\/www.os-slivnica.si\/index.php?rest_route=\/wp\/v2\/types\/post"}],"author":[{"embeddable":true,"href":"https:\/\/www.os-slivnica.si\/index.php?rest_route=\/wp\/v2\/users\/7958"}],"replies":[{"embeddable":true,"href":"https:\/\/www.os-slivnica.si\/index.php?rest_route=%2Fwp%2Fv2%2Fcomments&post=1899"}],"version-history":[{"count":2,"href":"https:\/\/www.os-slivnica.si\/index.php?rest_route=\/wp\/v2\/posts\/1899\/revisions"}],"predecessor-version":[{"id":1901,"href":"https:\/\/www.os-slivnica.si\/index.php?rest_route=\/wp\/v2\/posts\/1899\/revisions\/1901"}],"wp:attachment":[{"href":"https:\/\/www.os-slivnica.si\/index.php?rest_route=%2Fwp%2Fv2%2Fmedia&parent=1899"}],"wp:term":[{"taxonomy":"category","embeddable":true,"href":"https:\/\/www.os-slivnica.si\/index.php?rest_route=%2Fwp%2Fv2%2Fcategories&post=1899"},{"taxonomy":"post_tag","embeddable":true,"href":"https:\/\/www.os-slivnica.si\/index.php?rest_route=%2Fwp%2Fv2%2Ftags&post=1899"}],"curies":[{"name":"wp","href":"https:\/\/api.w.org\/{rel}","templated":true}]}}