{"id":1886,"date":"2016-05-12T22:34:43","date_gmt":"2016-05-12T20:34:43","guid":{"rendered":"http:\/\/slivnica.splet.arnes.si\/?p=1886"},"modified":"2016-05-12T22:34:43","modified_gmt":"2016-05-12T20:34:43","slug":"teden-rdecega-kriza","status":"publish","type":"post","link":"https:\/\/www.os-slivnica.si\/?p=1886","title":{"rendered":"Teden Rde\u010dega kri\u017ea"},"content":{"rendered":"<p>Teden Rde\u010dega kri\u017ea vsako leto poteka od 8. do 15. maja. Letos poteka pod geslom &#8220;150 let humanosti na Slovenskem &#8211; povsod in za vsakogar \u017ee 150 let.&#8221;<\/p>\n<p>O tednu Rde\u010dega kri\u017ea so se pogovarjali tudi v 1. razredu. V pravljici Medvedek Henry so izvedeli od kod ideja za znak Rde\u010dega kri\u017ea, s pomo\u010djo risanke so spoznali na\u010dela Rde\u010dega kri\u017ea, se seznanili z delom organizacije. Obljubili so, da bodo tudi oni prijateljski, prijazni in dobri. Pazili bodo na \u010disto\u010do in higieno, predvsem pa, da bodo pridni u\u010denci.<\/p>\n<p>Prav vsi so postali mladi \u010dlani Rde\u010dega kri\u017ea. V spomin na ta dan so prejeli balon Rde\u010dega kri\u017ea, slikanico, pravljico Kri\u017eem kapica ter svin\u010dnik. Na koncu pa jih je \u010dakalo \u0161e sladko in hladno presene\u010denje.<\/p>\nngg_shortcode_0_placeholder\n","protected":false},"excerpt":{"rendered":"<p>Teden Rde\u010dega kri\u017ea vsako leto poteka od 8. do 15. maja. Letos poteka pod geslom &#8220;150 let humanosti na Slovenskem &#8211; povsod in za vsakogar \u017ee 150 let.&#8221; O tednu Rde\u010dega kri\u017ea so se pogovarjali tudi v 1. razredu. V pravljici Medvedek Henry so izvedeli od kod ideja za znak Rde\u010dega kri\u017ea, s pomo\u010djo risanke [&hellip;]<\/p>\n","protected":false},"author":6074,"featured_media":0,"comment_status":"closed","ping_status":"closed","sticky":false,"template":"","format":"standard","meta":{"_et_pb_use_builder":"","_et_pb_old_content":"","_et_gb_content_width":"","ngg_post_thumbnail":0,"footnotes":"","_expiration-date-status":"","_expiration-date":0,"_expiration-date-type":"","_expiration-date-categories":[],"_expiration-date-options":[]},"categories":[9],"tags":[],"class_list":["post-1886","post","type-post","status-publish","format-standard","hentry","category-aktualno","et-doesnt-have-format-content","et_post_format-et-post-format-standard"],"_links":{"self":[{"href":"https:\/\/www.os-slivnica.si\/index.php?rest_route=\/wp\/v2\/posts\/1886","targetHints":{"allow":["GET"]}}],"collection":[{"href":"https:\/\/www.os-slivnica.si\/index.php?rest_route=\/wp\/v2\/posts"}],"about":[{"href":"https:\/\/www.os-slivnica.si\/index.php?rest_route=\/wp\/v2\/types\/post"}],"author":[{"embeddable":true,"href":"https:\/\/www.os-slivnica.si\/index.php?rest_route=\/wp\/v2\/users\/6074"}],"replies":[{"embeddable":true,"href":"https:\/\/www.os-slivnica.si\/index.php?rest_route=%2Fwp%2Fv2%2Fcomments&post=1886"}],"version-history":[{"count":2,"href":"https:\/\/www.os-slivnica.si\/index.php?rest_route=\/wp\/v2\/posts\/1886\/revisions"}],"predecessor-version":[{"id":1888,"href":"https:\/\/www.os-slivnica.si\/index.php?rest_route=\/wp\/v2\/posts\/1886\/revisions\/1888"}],"wp:attachment":[{"href":"https:\/\/www.os-slivnica.si\/index.php?rest_route=%2Fwp%2Fv2%2Fmedia&parent=1886"}],"wp:term":[{"taxonomy":"category","embeddable":true,"href":"https:\/\/www.os-slivnica.si\/index.php?rest_route=%2Fwp%2Fv2%2Fcategories&post=1886"},{"taxonomy":"post_tag","embeddable":true,"href":"https:\/\/www.os-slivnica.si\/index.php?rest_route=%2Fwp%2Fv2%2Ftags&post=1886"}],"curies":[{"name":"wp","href":"https:\/\/api.w.org\/{rel}","templated":true}]}}