{"id":1841,"date":"2016-05-11T04:59:27","date_gmt":"2016-05-11T02:59:27","guid":{"rendered":"http:\/\/slivnica.splet.arnes.si\/?p=1841"},"modified":"2016-05-11T05:00:26","modified_gmt":"2016-05-11T03:00:26","slug":"prvosolci-postali-mladi-clani-rdecega-kriza","status":"publish","type":"post","link":"https:\/\/www.os-slivnica.si\/?p=1841","title":{"rendered":"Prvo\u0161olci postali mladi \u010dlani Rde\u010dega kri\u017ea"},"content":{"rendered":"<p style=\"text-align: justify\">V\u00a0 <strong>tednu Rde\u010dega kri\u017ea<\/strong>, so <strong>prvo\u0161olci <\/strong>postali<strong> mladi \u010dlani RK.<\/strong> V svoje vrste so jih s kraj\u0161im kulturnim programom in <strong>predstavitvijo pomena organizacije RK,<\/strong> pod vostvom u\u010diteljic, sprejeli starej\u0161i u\u010denci na\u0161e \u0161ole. Na koncu je sledil \u0161e slasten posladek s torto, ki jo je podarilo <strong>obmo\u010dno zdru\u017eenje RK \u0160entjur.<\/strong><\/p>\nngg_shortcode_0_placeholder\n","protected":false},"excerpt":{"rendered":"<p>V\u00a0 tednu Rde\u010dega kri\u017ea, so prvo\u0161olci postali mladi \u010dlani RK. V svoje vrste so jih s kraj\u0161im kulturnim programom in predstavitvijo pomena organizacije RK, pod vostvom u\u010diteljic, sprejeli starej\u0161i u\u010denci na\u0161e \u0161ole. Na koncu je sledil \u0161e slasten posladek s torto, ki jo je podarilo obmo\u010dno zdru\u017eenje RK \u0160entjur.<\/p>\n","protected":false},"author":6009,"featured_media":0,"comment_status":"closed","ping_status":"closed","sticky":false,"template":"","format":"standard","meta":{"_et_pb_use_builder":"","_et_pb_old_content":"","_et_gb_content_width":"","ngg_post_thumbnail":0,"footnotes":"","_expiration-date-status":"","_expiration-date":0,"_expiration-date-type":"","_expiration-date-categories":[],"_expiration-date-options":[]},"categories":[11],"tags":[],"class_list":["post-1841","post","type-post","status-publish","format-standard","hentry","category-ps-prevorje","et-doesnt-have-format-content","et_post_format-et-post-format-standard"],"_links":{"self":[{"href":"https:\/\/www.os-slivnica.si\/index.php?rest_route=\/wp\/v2\/posts\/1841","targetHints":{"allow":["GET"]}}],"collection":[{"href":"https:\/\/www.os-slivnica.si\/index.php?rest_route=\/wp\/v2\/posts"}],"about":[{"href":"https:\/\/www.os-slivnica.si\/index.php?rest_route=\/wp\/v2\/types\/post"}],"author":[{"embeddable":true,"href":"https:\/\/www.os-slivnica.si\/index.php?rest_route=\/wp\/v2\/users\/6009"}],"replies":[{"embeddable":true,"href":"https:\/\/www.os-slivnica.si\/index.php?rest_route=%2Fwp%2Fv2%2Fcomments&post=1841"}],"version-history":[{"count":2,"href":"https:\/\/www.os-slivnica.si\/index.php?rest_route=\/wp\/v2\/posts\/1841\/revisions"}],"predecessor-version":[{"id":1843,"href":"https:\/\/www.os-slivnica.si\/index.php?rest_route=\/wp\/v2\/posts\/1841\/revisions\/1843"}],"wp:attachment":[{"href":"https:\/\/www.os-slivnica.si\/index.php?rest_route=%2Fwp%2Fv2%2Fmedia&parent=1841"}],"wp:term":[{"taxonomy":"category","embeddable":true,"href":"https:\/\/www.os-slivnica.si\/index.php?rest_route=%2Fwp%2Fv2%2Fcategories&post=1841"},{"taxonomy":"post_tag","embeddable":true,"href":"https:\/\/www.os-slivnica.si\/index.php?rest_route=%2Fwp%2Fv2%2Ftags&post=1841"}],"curies":[{"name":"wp","href":"https:\/\/api.w.org\/{rel}","templated":true}]}}