{"id":1772,"date":"2016-04-26T18:37:48","date_gmt":"2016-04-26T16:37:48","guid":{"rendered":"http:\/\/slivnica.splet.arnes.si\/?p=1772"},"modified":"2016-04-26T18:42:12","modified_gmt":"2016-04-26T16:42:12","slug":"ogled-podjetja-koval","status":"publish","type":"post","link":"https:\/\/www.os-slivnica.si\/?p=1772","title":{"rendered":"Ogled podjetja Koval"},"content":{"rendered":"<p>V ponedeljek, 25. 4. 2016, smo si\u00a0 u\u010denci 4. in 5. razreda lo\u0161ke \u0161ole ogledali <strong>podjetje Koval<\/strong>.<\/p>\n<p>O ogledu je <strong>Danaja Krajnc<\/strong>, u\u010denka 4. razreda, zapisala:<\/p>\n<p><em>V Kovalu nam je gospod Davorin Govedi\u010d razlo\u017eil vse o delu te tovarne.<\/em><\/p>\n<p><em>Najprej smo \u0161li v jedilnico, kjer nam je gospod povedal, koliko je zaposlenih, koliko \u010dasa \u017ee delajo, koliko izdelkov naredijo na dan, katere materiale uporabljajo pri svojem delu, koliko je strojev v tovarni in odgovoril na vsa na\u0161a vpra\u0161anja. Potem je za nas imel sladko presene\u010denje. Ko smo pojedli pi\u0161kote in napolitanke, nas je popeljal po tovarni. Ogledali smo si razne stroje ter kako poteka delo na njih. Zanimivo je bilo videti, kako perejo kovino, jo barvajo, \u017egejo in oblikujejo v kon\u010dne izdelke. Dokon\u010dane izdelke smo lahko tudi preizkusili. Sedeli smo na bolni\u0161kih in negovalnih posteljah ter na vozi\u010dkih za preva\u017eanje in pomo\u010d pri hoji starej\u0161ih in bolnih.<\/em><\/p>\n<p><em>Ura v Kovalu je zelo hitro minila. So\u0161olka Ana se je v imenu vseh lepo zahvalila za trud, ki so ga vlo\u017eili, da so nam razkazali tovarno. Polni lepih vtisov smo se vrnili nazaj v \u0161olo.<\/em><\/p>\nngg_shortcode_0_placeholder\n","protected":false},"excerpt":{"rendered":"<p>V ponedeljek, 25. 4. 2016, smo si\u00a0 u\u010denci 4. in 5. razreda lo\u0161ke \u0161ole ogledali podjetje Koval. O ogledu je Danaja Krajnc, u\u010denka 4. razreda, zapisala: V Kovalu nam je gospod Davorin Govedi\u010d razlo\u017eil vse o delu te tovarne. Najprej smo \u0161li v jedilnico, kjer nam je gospod povedal, koliko je zaposlenih, koliko \u010dasa \u017ee [&hellip;]<\/p>\n","protected":false},"author":5997,"featured_media":0,"comment_status":"closed","ping_status":"closed","sticky":false,"template":"","format":"standard","meta":{"_et_pb_use_builder":"","_et_pb_old_content":"","_et_gb_content_width":"","ngg_post_thumbnail":0,"footnotes":"","_expiration-date-status":"","_expiration-date":0,"_expiration-date-type":"","_expiration-date-categories":[],"_expiration-date-options":[]},"categories":[10],"tags":[],"class_list":["post-1772","post","type-post","status-publish","format-standard","hentry","category-ps-loka","et-doesnt-have-format-content","et_post_format-et-post-format-standard"],"_links":{"self":[{"href":"https:\/\/www.os-slivnica.si\/index.php?rest_route=\/wp\/v2\/posts\/1772","targetHints":{"allow":["GET"]}}],"collection":[{"href":"https:\/\/www.os-slivnica.si\/index.php?rest_route=\/wp\/v2\/posts"}],"about":[{"href":"https:\/\/www.os-slivnica.si\/index.php?rest_route=\/wp\/v2\/types\/post"}],"author":[{"embeddable":true,"href":"https:\/\/www.os-slivnica.si\/index.php?rest_route=\/wp\/v2\/users\/5997"}],"replies":[{"embeddable":true,"href":"https:\/\/www.os-slivnica.si\/index.php?rest_route=%2Fwp%2Fv2%2Fcomments&post=1772"}],"version-history":[{"count":2,"href":"https:\/\/www.os-slivnica.si\/index.php?rest_route=\/wp\/v2\/posts\/1772\/revisions"}],"predecessor-version":[{"id":1774,"href":"https:\/\/www.os-slivnica.si\/index.php?rest_route=\/wp\/v2\/posts\/1772\/revisions\/1774"}],"wp:attachment":[{"href":"https:\/\/www.os-slivnica.si\/index.php?rest_route=%2Fwp%2Fv2%2Fmedia&parent=1772"}],"wp:term":[{"taxonomy":"category","embeddable":true,"href":"https:\/\/www.os-slivnica.si\/index.php?rest_route=%2Fwp%2Fv2%2Fcategories&post=1772"},{"taxonomy":"post_tag","embeddable":true,"href":"https:\/\/www.os-slivnica.si\/index.php?rest_route=%2Fwp%2Fv2%2Ftags&post=1772"}],"curies":[{"name":"wp","href":"https:\/\/api.w.org\/{rel}","templated":true}]}}