{"id":1765,"date":"2016-04-26T11:04:19","date_gmt":"2016-04-26T09:04:19","guid":{"rendered":"http:\/\/slivnica.splet.arnes.si\/?p=1765"},"modified":"2016-04-26T11:04:19","modified_gmt":"2016-04-26T09:04:19","slug":"pokloni-zvezek","status":"publish","type":"post","link":"https:\/\/www.os-slivnica.si\/?p=1765","title":{"rendered":"Pokloni zvezek"},"content":{"rendered":"<p><a href=\"http:\/\/www.karitas.si\" target=\"_blank\">Slovenska karitas <\/a>vas \u017ee osmo leto vabi k podpori in sodelovanju v akciji <strong>Pokloni zvezek. <\/strong>Z akcijo \u017eelimo zbrati \u010dim ve\u010d zvezkov za socialno ogro\u017eene otroke in otroke spodbuditi k solidarnosti s sovrstniki. Akcija je bila z va\u0161o pomo\u010djo v preteklih letih zelo uspe\u0161na. V letu 2015 je sodelovalo <strong>270 osnovnih \u0161ol in 90 vrtcev<\/strong>, v katerih se je zbralo <strong>ve\u010d kot 25.000<\/strong> <strong>zvezkov<\/strong>.<br \/>\nVeseli bomo, \u010de se boste tudi letos priklju\u010dili k tej akciji.<\/p>\n<p>Otroke in star\u0161e prosimo, da poklonijo <strong>nov, velik, \u010drtan zvezek <\/strong>za osnovno\u0161olce, ki tudi v Sloveniji potrebujejo pomo\u010d. <em>Vsak otrok bo prejel razglednico, ki vam jih bomo poslali. Otroci doma ali v \u0161oli zapi\u0161ejo sporo\u010dilo, misel, pozdrav \u2026 in\/ali nari\u0161ejo tudi risbo za skritega prijatelja v stiski, ki bo zvezek prejel. Razglednico nato vlo\u017eijo v darovani zvezek. Misli lahko tudi skupaj preberete pred celim razredom. U\u010denci zadnje triade pa lahko pripravijo tudi koncert ali drug dogodek ter namesto vstopnine zbirajo zvezke. <\/em><\/p>\n<p>Akcija zbiranja zvezkov <strong>bo potekala do 10. junija 2016<\/strong>.<\/p>\n","protected":false},"excerpt":{"rendered":"<p>Slovenska karitas vas \u017ee osmo leto vabi k podpori in sodelovanju v akciji Pokloni zvezek. Z akcijo \u017eelimo zbrati \u010dim ve\u010d zvezkov za socialno ogro\u017eene otroke in otroke spodbuditi k solidarnosti s sovrstniki. Akcija je bila z va\u0161o pomo\u010djo v preteklih letih zelo uspe\u0161na. V letu 2015 je sodelovalo 270 osnovnih \u0161ol in 90 vrtcev, [&hellip;]<\/p>\n","protected":false},"author":7100,"featured_media":0,"comment_status":"closed","ping_status":"closed","sticky":false,"template":"","format":"standard","meta":{"_et_pb_use_builder":"","_et_pb_old_content":"","_et_gb_content_width":"","ngg_post_thumbnail":0,"footnotes":"","_expiration-date-status":"","_expiration-date":0,"_expiration-date-type":"","_expiration-date-categories":[],"_expiration-date-options":[]},"categories":[9],"tags":[],"class_list":["post-1765","post","type-post","status-publish","format-standard","hentry","category-aktualno","et-doesnt-have-format-content","et_post_format-et-post-format-standard"],"_links":{"self":[{"href":"https:\/\/www.os-slivnica.si\/index.php?rest_route=\/wp\/v2\/posts\/1765","targetHints":{"allow":["GET"]}}],"collection":[{"href":"https:\/\/www.os-slivnica.si\/index.php?rest_route=\/wp\/v2\/posts"}],"about":[{"href":"https:\/\/www.os-slivnica.si\/index.php?rest_route=\/wp\/v2\/types\/post"}],"author":[{"embeddable":true,"href":"https:\/\/www.os-slivnica.si\/index.php?rest_route=\/wp\/v2\/users\/7100"}],"replies":[{"embeddable":true,"href":"https:\/\/www.os-slivnica.si\/index.php?rest_route=%2Fwp%2Fv2%2Fcomments&post=1765"}],"version-history":[{"count":1,"href":"https:\/\/www.os-slivnica.si\/index.php?rest_route=\/wp\/v2\/posts\/1765\/revisions"}],"predecessor-version":[{"id":1766,"href":"https:\/\/www.os-slivnica.si\/index.php?rest_route=\/wp\/v2\/posts\/1765\/revisions\/1766"}],"wp:attachment":[{"href":"https:\/\/www.os-slivnica.si\/index.php?rest_route=%2Fwp%2Fv2%2Fmedia&parent=1765"}],"wp:term":[{"taxonomy":"category","embeddable":true,"href":"https:\/\/www.os-slivnica.si\/index.php?rest_route=%2Fwp%2Fv2%2Fcategories&post=1765"},{"taxonomy":"post_tag","embeddable":true,"href":"https:\/\/www.os-slivnica.si\/index.php?rest_route=%2Fwp%2Fv2%2Ftags&post=1765"}],"curies":[{"name":"wp","href":"https:\/\/api.w.org\/{rel}","templated":true}]}}