{"id":1750,"date":"2016-04-24T11:21:12","date_gmt":"2016-04-24T09:21:12","guid":{"rendered":"http:\/\/slivnica.splet.arnes.si\/?p=1750"},"modified":"2016-04-24T11:29:26","modified_gmt":"2016-04-24T09:29:26","slug":"zakljucna-prireditev-regijskega-natecaja-delujmo-preventivno","status":"publish","type":"post","link":"https:\/\/www.os-slivnica.si\/?p=1750","title":{"rendered":"Zaklju\u010dna prireditev regijskega nate\u010daja Delujmo preventivno"},"content":{"rendered":"<p>Ob zaklju\u010dku 20. nate\u010daja Naravne in druge nesre\u010de- <strong>Delujmo preventivno<\/strong>, ki ga je razpisala Uprava RS za za\u0161\u010dito in re\u0161evanje, je 14. aprila 2016 v Levcu potekala regijska podelitev nagrad za najbolj\u0161a likovna in literarna dela. Med najbolj\u0161e ustvarjalce\u00a0sta se uvrstili\u00a0<em><strong>Ana U\u017emah<\/strong><\/em> (P\u0160 Loka pri \u017dusmu) z likovnim izdelkom <strong>Gore\u010da nevarnost<\/strong> in <em><strong>Iva \u010cede<\/strong><\/em> (O\u0160 Slivnica pri Celju) z likovnim izdelkom <strong>Zagorelo je! Kaj moram najprej narediti<\/strong>.<\/p>\n<p>Z mentoricama sta se udele\u017eili zaklju\u010dne prireditve, kjer sta prejeli prakti\u010dno darilo in priznanje, si ogledali predstavitev Poklicne gasilske enote Celje ter Kinologov re\u0161evalnih psov Celje, medtem ko je na\u010drtovana predstavitev re\u0161evanja Helikopterske enote SV zaradi slabega vremena \u017eal odpadla.<\/p>\nngg_shortcode_0_placeholder\n<p>&nbsp;<\/p>\n","protected":false},"excerpt":{"rendered":"<p>Ob zaklju\u010dku 20. nate\u010daja Naravne in druge nesre\u010de- Delujmo preventivno, ki ga je razpisala Uprava RS za za\u0161\u010dito in re\u0161evanje, je 14. aprila 2016 v Levcu potekala regijska podelitev nagrad za najbolj\u0161a likovna in literarna dela. Med najbolj\u0161e ustvarjalce\u00a0sta se uvrstili\u00a0Ana U\u017emah (P\u0160 Loka pri \u017dusmu) z likovnim izdelkom Gore\u010da nevarnost in Iva \u010cede (O\u0160 [&hellip;]<\/p>\n","protected":false},"author":5997,"featured_media":0,"comment_status":"closed","ping_status":"closed","sticky":false,"template":"","format":"standard","meta":{"_et_pb_use_builder":"","_et_pb_old_content":"","_et_gb_content_width":"","ngg_post_thumbnail":0,"footnotes":"","_expiration-date-status":"","_expiration-date":0,"_expiration-date-type":"","_expiration-date-categories":[],"_expiration-date-options":[]},"categories":[10],"tags":[],"class_list":["post-1750","post","type-post","status-publish","format-standard","hentry","category-ps-loka","et-doesnt-have-format-content","et_post_format-et-post-format-standard"],"_links":{"self":[{"href":"https:\/\/www.os-slivnica.si\/index.php?rest_route=\/wp\/v2\/posts\/1750","targetHints":{"allow":["GET"]}}],"collection":[{"href":"https:\/\/www.os-slivnica.si\/index.php?rest_route=\/wp\/v2\/posts"}],"about":[{"href":"https:\/\/www.os-slivnica.si\/index.php?rest_route=\/wp\/v2\/types\/post"}],"author":[{"embeddable":true,"href":"https:\/\/www.os-slivnica.si\/index.php?rest_route=\/wp\/v2\/users\/5997"}],"replies":[{"embeddable":true,"href":"https:\/\/www.os-slivnica.si\/index.php?rest_route=%2Fwp%2Fv2%2Fcomments&post=1750"}],"version-history":[{"count":4,"href":"https:\/\/www.os-slivnica.si\/index.php?rest_route=\/wp\/v2\/posts\/1750\/revisions"}],"predecessor-version":[{"id":1755,"href":"https:\/\/www.os-slivnica.si\/index.php?rest_route=\/wp\/v2\/posts\/1750\/revisions\/1755"}],"wp:attachment":[{"href":"https:\/\/www.os-slivnica.si\/index.php?rest_route=%2Fwp%2Fv2%2Fmedia&parent=1750"}],"wp:term":[{"taxonomy":"category","embeddable":true,"href":"https:\/\/www.os-slivnica.si\/index.php?rest_route=%2Fwp%2Fv2%2Fcategories&post=1750"},{"taxonomy":"post_tag","embeddable":true,"href":"https:\/\/www.os-slivnica.si\/index.php?rest_route=%2Fwp%2Fv2%2Ftags&post=1750"}],"curies":[{"name":"wp","href":"https:\/\/api.w.org\/{rel}","templated":true}]}}