{"id":1747,"date":"2016-04-21T21:13:05","date_gmt":"2016-04-21T19:13:05","guid":{"rendered":"http:\/\/slivnica.splet.arnes.si\/?p=1747"},"modified":"2016-04-21T21:17:01","modified_gmt":"2016-04-21T19:17:01","slug":"naravoslovni-dan-na-kmetiji-novak","status":"publish","type":"post","link":"https:\/\/www.os-slivnica.si\/?p=1747","title":{"rendered":"Naravoslovni dan na kmetiji Novak"},"content":{"rendered":"<p style=\"text-align: justify\">Na son\u010dno aprilsko jutro nas je pot ponesla v Krivico, na <strong>kmetijo Novak.<\/strong> Topel sprejem gospe Margarete in okusni sendvi\u010di izpod njenih rok, so nam dali \u0161e dodatno energijo za aktivnosti, ki smo jih izvedli na kmetiji. Zavihali smo rokave in pri\u010deli z delom.<br \/>\n<strong>Po jutru se dan pozna, pravijo.<\/strong><br \/>\nZa za\u010detek je bilo potrebno nakrmiti \u017eivali. Tako smo najprej nahranili konja, zaj\u010dke, koko\u0161i, raci in morske pra\u0161i\u010dke.<br \/>\nNato smo se razdelili v skupine in pri\u010deli z delom na vrtu, kjer smo posadili krompir in solato. Lotili smo se tudi priprave sirupa iz smrekovih vr\u0161i\u010dkov in tako pripravili doma\u010de zdravilo proti prehladu.<br \/>\nPoskrbeli pa smo tudi za ro\u017ee. Pelargonije smo iz lon\u010dkov presadili v korita in na okrasni vrt.<br \/>\nV \u00bbgume\u00ab smo posadili \u0161e \u010debul\u010dek in posejali koren\u010dek ter peter\u0161ilj ter v sadovnjaku obesili muholovce na drevesa.<br \/>\nNastopil je \u010das sprostitve. Svoja do\u017eivetja smo najprej narisali po tleh na dvori\u0161\u010du, se poigrali, prepevali in u\u017eivali ob crkljanju pasjih mladi\u010dev.<br \/>\nIzjemno hvale\u017eni dru\u017eini Novak, da smo lahko pre\u010dudovit dopoldan pre\u017eiveli na njihovi kmetiji, smo se s polnimi \u017eelod\u010dki, prijetnimi vtisi in novimi izku\u0161njami odpravili nazaj proti \u0161oli.<\/p>\n<p style=\"text-align: justify\">ngg_shortcode_0_placeholder<\/p>\n","protected":false},"excerpt":{"rendered":"<p>Na son\u010dno aprilsko jutro nas je pot ponesla v Krivico, na kmetijo Novak. Topel sprejem gospe Margarete in okusni sendvi\u010di izpod njenih rok, so nam dali \u0161e dodatno energijo za aktivnosti, ki smo jih izvedli na kmetiji. Zavihali smo rokave in pri\u010deli z delom. Po jutru se dan pozna, pravijo. Za za\u010detek je bilo potrebno [&hellip;]<\/p>\n","protected":false},"author":6009,"featured_media":0,"comment_status":"closed","ping_status":"closed","sticky":false,"template":"","format":"standard","meta":{"_et_pb_use_builder":"","_et_pb_old_content":"","_et_gb_content_width":"","ngg_post_thumbnail":0,"footnotes":"","_expiration-date-status":"","_expiration-date":0,"_expiration-date-type":"","_expiration-date-categories":[],"_expiration-date-options":[]},"categories":[11],"tags":[],"class_list":["post-1747","post","type-post","status-publish","format-standard","hentry","category-ps-prevorje","et-doesnt-have-format-content","et_post_format-et-post-format-standard"],"_links":{"self":[{"href":"https:\/\/www.os-slivnica.si\/index.php?rest_route=\/wp\/v2\/posts\/1747","targetHints":{"allow":["GET"]}}],"collection":[{"href":"https:\/\/www.os-slivnica.si\/index.php?rest_route=\/wp\/v2\/posts"}],"about":[{"href":"https:\/\/www.os-slivnica.si\/index.php?rest_route=\/wp\/v2\/types\/post"}],"author":[{"embeddable":true,"href":"https:\/\/www.os-slivnica.si\/index.php?rest_route=\/wp\/v2\/users\/6009"}],"replies":[{"embeddable":true,"href":"https:\/\/www.os-slivnica.si\/index.php?rest_route=%2Fwp%2Fv2%2Fcomments&post=1747"}],"version-history":[{"count":2,"href":"https:\/\/www.os-slivnica.si\/index.php?rest_route=\/wp\/v2\/posts\/1747\/revisions"}],"predecessor-version":[{"id":1749,"href":"https:\/\/www.os-slivnica.si\/index.php?rest_route=\/wp\/v2\/posts\/1747\/revisions\/1749"}],"wp:attachment":[{"href":"https:\/\/www.os-slivnica.si\/index.php?rest_route=%2Fwp%2Fv2%2Fmedia&parent=1747"}],"wp:term":[{"taxonomy":"category","embeddable":true,"href":"https:\/\/www.os-slivnica.si\/index.php?rest_route=%2Fwp%2Fv2%2Fcategories&post=1747"},{"taxonomy":"post_tag","embeddable":true,"href":"https:\/\/www.os-slivnica.si\/index.php?rest_route=%2Fwp%2Fv2%2Ftags&post=1747"}],"curies":[{"name":"wp","href":"https:\/\/api.w.org\/{rel}","templated":true}]}}