{"id":1737,"date":"2016-04-21T10:05:50","date_gmt":"2016-04-21T08:05:50","guid":{"rendered":"http:\/\/slivnica.splet.arnes.si\/?p=1737"},"modified":"2016-04-21T10:40:53","modified_gmt":"2016-04-21T08:40:53","slug":"26-nacionalni-otroski-parlament","status":"publish","type":"post","link":"https:\/\/www.os-slivnica.si\/?p=1737","title":{"rendered":"26. nacionalni otro\u0161ki parlament"},"content":{"rendered":"<p><strong>V ponedeljek, 11. 4. 2016<\/strong>, sta se u\u010denca 9. razreda na\u0161e \u0161ole <strong>Anja Furdi<\/strong> \u00a0(kot \u010dlanica predsedstva) in <strong>Vid Pal\u010dnik <\/strong>(kot fotograf) udele\u017eila 26. nacionalnega otro\u0161kega parlamenta, ki je potekal v Dr\u017eavnem zboru v Ljubljani, z osrednjo temo <strong>Pasti mladostni\u0161tva.<\/strong> Oba sta bila izbrana na regijskem otro\u0161kem parlamentu v \u0160entjurju, ki je potekal 16. 3. 2016 v Ipav\u010devem kulturnem centru. Nacionalnega otro\u0161kega parlamenta so se udele\u017eili osnovno\u0161olci iz vseh slovenskih regij. Uvodno so vse prisotne pozdravili: predsednik dr\u017eavnega zbora Miran Brglez, Darja Groznik, predsednica Zveze prijateljev mladine Slovenije ter predsednik dr\u017eave Borut Pahor. Predsedniku Slovenije so mladi parlamentarci postavili tri vpra\u0161anja, povezana z recesijo, zasvojenostjo s tehnologijo, finan\u010dno luknjo in brezposelnostjo. Po napovedi dnevnega reda in pogostitvi pa so se mladi parlamentarci\u00a0 razdelili v \u0161tiri delavnice, kjer so debatirali o razli\u010dnih temah,\u00a0 povezanih\u00a0 s pastmi mladostni\u0161tva.<br \/>\nPo delavnicah je potekala debata, pri kateri so bili udele\u017eeni:\u00a0 Miro Cerar, Vlasta Nussdorfer, Boris Koprivnikar, Simona Kustec Lipicer, Miran Novak in mag. Anton Toni Klan\u010dnik \u2013 vi\u0161ji kriminalisti\u010dni in\u0161pektor, specialist\u00a0 z oddelka za mladoletni\u0161ko kriminaliteto. Prisotni so tudi odgovarjali na vpra\u0161anja mladih parlamentarcev in razglasili temo za 27. otro\u0161ki parlament, to je:\u00a0 <strong>Otroci in na\u010drtovanje prihodnosti.<\/strong><\/p>\n<p>Mentorica \u0161olskega parlamenta<br \/>\nJudita Leskov\u0161ek Andri\u010d<\/p>\nngg_shortcode_0_placeholder\n","protected":false},"excerpt":{"rendered":"<p>V ponedeljek, 11. 4. 2016, sta se u\u010denca 9. razreda na\u0161e \u0161ole Anja Furdi \u00a0(kot \u010dlanica predsedstva) in Vid Pal\u010dnik (kot fotograf) udele\u017eila 26. nacionalnega otro\u0161kega parlamenta, ki je potekal v Dr\u017eavnem zboru v Ljubljani, z osrednjo temo Pasti mladostni\u0161tva. Oba sta bila izbrana na regijskem otro\u0161kem parlamentu v \u0160entjurju, ki je potekal 16. 3. [&hellip;]<\/p>\n","protected":false},"author":7100,"featured_media":0,"comment_status":"closed","ping_status":"closed","sticky":false,"template":"","format":"standard","meta":{"_et_pb_use_builder":"","_et_pb_old_content":"","_et_gb_content_width":"","ngg_post_thumbnail":0,"footnotes":"","_expiration-date-status":"","_expiration-date":0,"_expiration-date-type":"","_expiration-date-categories":[],"_expiration-date-options":[]},"categories":[9],"tags":[],"class_list":["post-1737","post","type-post","status-publish","format-standard","hentry","category-aktualno","et-doesnt-have-format-content","et_post_format-et-post-format-standard"],"_links":{"self":[{"href":"https:\/\/www.os-slivnica.si\/index.php?rest_route=\/wp\/v2\/posts\/1737","targetHints":{"allow":["GET"]}}],"collection":[{"href":"https:\/\/www.os-slivnica.si\/index.php?rest_route=\/wp\/v2\/posts"}],"about":[{"href":"https:\/\/www.os-slivnica.si\/index.php?rest_route=\/wp\/v2\/types\/post"}],"author":[{"embeddable":true,"href":"https:\/\/www.os-slivnica.si\/index.php?rest_route=\/wp\/v2\/users\/7100"}],"replies":[{"embeddable":true,"href":"https:\/\/www.os-slivnica.si\/index.php?rest_route=%2Fwp%2Fv2%2Fcomments&post=1737"}],"version-history":[{"count":2,"href":"https:\/\/www.os-slivnica.si\/index.php?rest_route=\/wp\/v2\/posts\/1737\/revisions"}],"predecessor-version":[{"id":1740,"href":"https:\/\/www.os-slivnica.si\/index.php?rest_route=\/wp\/v2\/posts\/1737\/revisions\/1740"}],"wp:attachment":[{"href":"https:\/\/www.os-slivnica.si\/index.php?rest_route=%2Fwp%2Fv2%2Fmedia&parent=1737"}],"wp:term":[{"taxonomy":"category","embeddable":true,"href":"https:\/\/www.os-slivnica.si\/index.php?rest_route=%2Fwp%2Fv2%2Fcategories&post=1737"},{"taxonomy":"post_tag","embeddable":true,"href":"https:\/\/www.os-slivnica.si\/index.php?rest_route=%2Fwp%2Fv2%2Ftags&post=1737"}],"curies":[{"name":"wp","href":"https:\/\/api.w.org\/{rel}","templated":true}]}}