{"id":1706,"date":"2016-04-15T11:02:48","date_gmt":"2016-04-15T09:02:48","guid":{"rendered":"http:\/\/slivnica.splet.arnes.si\/?p=1706"},"modified":"2016-04-15T11:07:27","modified_gmt":"2016-04-15T09:07:27","slug":"nasi-pevci-na-obmocni-reviji-pevskih-zborov-na-blagovni","status":"publish","type":"post","link":"https:\/\/www.os-slivnica.si\/?p=1706","title":{"rendered":"Na\u0161i pevci na obmo\u010dni reviji pevskih zborov na Blagovni"},"content":{"rendered":"<p>V \u010detrtek, 14. aprila 2016, sta se mladinski in otro\u0161ki (tudi mlaj\u0161i mladinski) pevski zbor uspe\u0161no predstavila na pevski reviji, na kateri je sodelovalo 15 osnovno\u0161olskih zborov ob\u010din \u0160entjur in Dobje.<a href=\"http:\/\/pevski-zbori-slivnica.splet.arnes.si\/\"> Ve\u010d&#8230;<\/a><\/p>\n","protected":false},"excerpt":{"rendered":"<p>V \u010detrtek, 14. aprila 2016, sta se mladinski in otro\u0161ki (tudi mlaj\u0161i mladinski) pevski zbor uspe\u0161no predstavila na pevski reviji, na kateri je sodelovalo 15 osnovno\u0161olskih zborov ob\u010din \u0160entjur in Dobje. Ve\u010d&#8230;<\/p>\n","protected":false},"author":5703,"featured_media":0,"comment_status":"closed","ping_status":"closed","sticky":false,"template":"","format":"standard","meta":{"_et_pb_use_builder":"","_et_pb_old_content":"","_et_gb_content_width":"","ngg_post_thumbnail":0,"footnotes":"","_expiration-date-status":"","_expiration-date":0,"_expiration-date-type":"","_expiration-date-categories":[],"_expiration-date-options":[]},"categories":[9],"tags":[],"class_list":["post-1706","post","type-post","status-publish","format-standard","hentry","category-aktualno","et-doesnt-have-format-content","et_post_format-et-post-format-standard"],"_links":{"self":[{"href":"https:\/\/www.os-slivnica.si\/index.php?rest_route=\/wp\/v2\/posts\/1706","targetHints":{"allow":["GET"]}}],"collection":[{"href":"https:\/\/www.os-slivnica.si\/index.php?rest_route=\/wp\/v2\/posts"}],"about":[{"href":"https:\/\/www.os-slivnica.si\/index.php?rest_route=\/wp\/v2\/types\/post"}],"author":[{"embeddable":true,"href":"https:\/\/www.os-slivnica.si\/index.php?rest_route=\/wp\/v2\/users\/5703"}],"replies":[{"embeddable":true,"href":"https:\/\/www.os-slivnica.si\/index.php?rest_route=%2Fwp%2Fv2%2Fcomments&post=1706"}],"version-history":[{"count":3,"href":"https:\/\/www.os-slivnica.si\/index.php?rest_route=\/wp\/v2\/posts\/1706\/revisions"}],"predecessor-version":[{"id":1709,"href":"https:\/\/www.os-slivnica.si\/index.php?rest_route=\/wp\/v2\/posts\/1706\/revisions\/1709"}],"wp:attachment":[{"href":"https:\/\/www.os-slivnica.si\/index.php?rest_route=%2Fwp%2Fv2%2Fmedia&parent=1706"}],"wp:term":[{"taxonomy":"category","embeddable":true,"href":"https:\/\/www.os-slivnica.si\/index.php?rest_route=%2Fwp%2Fv2%2Fcategories&post=1706"},{"taxonomy":"post_tag","embeddable":true,"href":"https:\/\/www.os-slivnica.si\/index.php?rest_route=%2Fwp%2Fv2%2Ftags&post=1706"}],"curies":[{"name":"wp","href":"https:\/\/api.w.org\/{rel}","templated":true}]}}