{"id":1679,"date":"2016-04-07T14:31:58","date_gmt":"2016-04-07T12:31:58","guid":{"rendered":"http:\/\/slivnica.splet.arnes.si\/?p=1679"},"modified":"2016-04-07T14:33:53","modified_gmt":"2016-04-07T12:33:53","slug":"mpz-se-intenzivno-pripravlja-na-nastope","status":"publish","type":"post","link":"https:\/\/www.os-slivnica.si\/?p=1679","title":{"rendered":"MPZ se intenzivno pripravlja na nastope"},"content":{"rendered":"<p>V sredo, 6. aprila 2016, je MPZ izvedel <a href=\"http:\/\/pevski-zbori-slivnica.splet.arnes.si\/2016\/04\/07\/mpz-na-intenzivnih-pevskih-vajah\/?pageid=170\" target=\"_blank\">intenzivne pevske vaje<\/a> na P\u0160 Prevorje.<br \/>\nV \u010detrtek, 14. aprila 2016, se bodo vsi pevski zbori udele\u017eili medob\u010dinske revije otro\u0161kih in mladinskih pevskih zborov <strong>Mi smo pomlad<\/strong>, ki bo ob <strong>17. uri<\/strong> v ve\u010dnamenski dvorani P\u0160 Blagovna. Vabimo vse ljubitelje zborovskega petja, da nas pridete poslu\u0161at.<\/p>\n","protected":false},"excerpt":{"rendered":"<p>V sredo, 6. aprila 2016, je MPZ izvedel intenzivne pevske vaje na P\u0160 Prevorje. V \u010detrtek, 14. aprila 2016, se bodo vsi pevski zbori udele\u017eili medob\u010dinske revije otro\u0161kih in mladinskih pevskih zborov Mi smo pomlad, ki bo ob 17. uri v ve\u010dnamenski dvorani P\u0160 Blagovna. Vabimo vse ljubitelje zborovskega petja, da nas pridete poslu\u0161at.<\/p>\n","protected":false},"author":5703,"featured_media":0,"comment_status":"closed","ping_status":"closed","sticky":false,"template":"","format":"standard","meta":{"_et_pb_use_builder":"","_et_pb_old_content":"","_et_gb_content_width":"","ngg_post_thumbnail":0,"footnotes":"","_expiration-date-status":"","_expiration-date":0,"_expiration-date-type":"","_expiration-date-categories":[],"_expiration-date-options":[]},"categories":[9],"tags":[],"class_list":["post-1679","post","type-post","status-publish","format-standard","hentry","category-aktualno","et-doesnt-have-format-content","et_post_format-et-post-format-standard"],"_links":{"self":[{"href":"https:\/\/www.os-slivnica.si\/index.php?rest_route=\/wp\/v2\/posts\/1679","targetHints":{"allow":["GET"]}}],"collection":[{"href":"https:\/\/www.os-slivnica.si\/index.php?rest_route=\/wp\/v2\/posts"}],"about":[{"href":"https:\/\/www.os-slivnica.si\/index.php?rest_route=\/wp\/v2\/types\/post"}],"author":[{"embeddable":true,"href":"https:\/\/www.os-slivnica.si\/index.php?rest_route=\/wp\/v2\/users\/5703"}],"replies":[{"embeddable":true,"href":"https:\/\/www.os-slivnica.si\/index.php?rest_route=%2Fwp%2Fv2%2Fcomments&post=1679"}],"version-history":[{"count":1,"href":"https:\/\/www.os-slivnica.si\/index.php?rest_route=\/wp\/v2\/posts\/1679\/revisions"}],"predecessor-version":[{"id":1680,"href":"https:\/\/www.os-slivnica.si\/index.php?rest_route=\/wp\/v2\/posts\/1679\/revisions\/1680"}],"wp:attachment":[{"href":"https:\/\/www.os-slivnica.si\/index.php?rest_route=%2Fwp%2Fv2%2Fmedia&parent=1679"}],"wp:term":[{"taxonomy":"category","embeddable":true,"href":"https:\/\/www.os-slivnica.si\/index.php?rest_route=%2Fwp%2Fv2%2Fcategories&post=1679"},{"taxonomy":"post_tag","embeddable":true,"href":"https:\/\/www.os-slivnica.si\/index.php?rest_route=%2Fwp%2Fv2%2Ftags&post=1679"}],"curies":[{"name":"wp","href":"https:\/\/api.w.org\/{rel}","templated":true}]}}