{"id":1671,"date":"2016-04-05T11:20:17","date_gmt":"2016-04-05T09:20:17","guid":{"rendered":"http:\/\/slivnica.splet.arnes.si\/?p=1671"},"modified":"2016-04-05T11:27:25","modified_gmt":"2016-04-05T09:27:25","slug":"obcinski-otroski-parlament","status":"publish","type":"post","link":"https:\/\/www.os-slivnica.si\/?p=1671","title":{"rendered":"Ob\u010dinski otro\u0161ki parlament"},"content":{"rendered":"<p>\u0160entjur, 16. 3. 2016 \u2013 Tokrat \u017ee 26. po vrsti so se v Ipav\u010devem kulturnem centru sestali predstavniki \u0161olskih skupnosti iz osnovnih \u0161ol ob\u010din \u0160entjur in Dobje na ob\u010dinskem otro\u0161kem parlamentu, ki ga vsako leto organizira ob\u010dinska izpostava Zveze prijateljev mladine v \u0160entjurju. Po kratkem uvodu <strong>Anje Furdi<\/strong> in <strong>Vida Pal\u010dnika <\/strong>v leto\u0161njo temo Pasti mladostni\u0161tva je spregovorila predsednica ZPM \u0160entjur ga. <strong>Albina Karmuzel<\/strong>, nato pa so si mladi parlamentarci ogledali predstavo Dru\u0161tva za bolj\u0161i svet Ujeti se ne dam. Pou\u010dna predstava je skozi zgodbo o treh na videz nezdru\u017eljivih tabornikih, prikazala, da se s sodelovanjem da uspeti, prav tako so se dotaknili tudi spletnih omre\u017eij in mlade borke za otro\u0161ke pravice <strong>Malale Yousafzai<\/strong>.<\/p>\n<p>Nato so se mladi razdelili po delavnicah, kjer so o pasteh na spletu razpravljali s predstavnico projekta safe.si <strong>Tja\u0161o Jerman Ku\u017eeli\u010dki<\/strong>, o drogah in te\u017eavah z odvisnostjo s socialno pedagoginjo iz projekta \u010clovek <strong>Nino Malec<\/strong> ter z <strong>Borutom Maroltom<\/strong> iz Zavoda za vzgojo in izobra\u017eevanje Logatec. Mladi so tako strnili ideje in jih nato v veliki dvorani IKC-ja predstavili \u0161e ostalim parlamentarcem. Pri\u0161li so do zanimivih zaklju\u010dkov ter dejstev, ki so jih morda sli\u0161ali na novo.<\/p>\n<p>Na koncu so mladi izvolili \u0161e dva predstavnika, ki bosta \u0161entjurske parlamentarce zastopala na dr\u017eavnem otro\u0161kem parlamentu v Dr\u017eavnem zboru v Ljubljani. Zaupanje so letos podelili <strong>Anji Furdi<\/strong> iz O\u0160 Slivnica pri Celju ter <strong>Ani Slom\u0161ek<\/strong> iz O\u0160 Franja Malgaja \u0160entjur. Letos prvi\u010d bosta o dogajanju iz parlamenta poro\u010dala tudi novinarja <strong>Zala Gazvoda<\/strong> iz O\u0160 Franja Malgaja \u0160entjur ter <strong>Vid Pal\u010dnik<\/strong> iz O\u0160 Slivnica pri Celju.<\/p>\n<p><strong><em>Vid Pal\u010dnik<\/em><\/strong><\/p>\nngg_shortcode_0_placeholder\n<p>&nbsp;<\/p>\n","protected":false},"excerpt":{"rendered":"<p>\u0160entjur, 16. 3. 2016 \u2013 Tokrat \u017ee 26. po vrsti so se v Ipav\u010devem kulturnem centru sestali predstavniki \u0161olskih skupnosti iz osnovnih \u0161ol ob\u010din \u0160entjur in Dobje na ob\u010dinskem otro\u0161kem parlamentu, ki ga vsako leto organizira ob\u010dinska izpostava Zveze prijateljev mladine v \u0160entjurju. Po kratkem uvodu Anje Furdi in Vida Pal\u010dnika v leto\u0161njo temo Pasti [&hellip;]<\/p>\n","protected":false},"author":7100,"featured_media":0,"comment_status":"closed","ping_status":"closed","sticky":false,"template":"","format":"standard","meta":{"_et_pb_use_builder":"","_et_pb_old_content":"","_et_gb_content_width":"","ngg_post_thumbnail":0,"footnotes":"","_expiration-date-status":"","_expiration-date":0,"_expiration-date-type":"","_expiration-date-categories":[],"_expiration-date-options":[]},"categories":[9],"tags":[],"class_list":["post-1671","post","type-post","status-publish","format-standard","hentry","category-aktualno","et-doesnt-have-format-content","et_post_format-et-post-format-standard"],"_links":{"self":[{"href":"https:\/\/www.os-slivnica.si\/index.php?rest_route=\/wp\/v2\/posts\/1671","targetHints":{"allow":["GET"]}}],"collection":[{"href":"https:\/\/www.os-slivnica.si\/index.php?rest_route=\/wp\/v2\/posts"}],"about":[{"href":"https:\/\/www.os-slivnica.si\/index.php?rest_route=\/wp\/v2\/types\/post"}],"author":[{"embeddable":true,"href":"https:\/\/www.os-slivnica.si\/index.php?rest_route=\/wp\/v2\/users\/7100"}],"replies":[{"embeddable":true,"href":"https:\/\/www.os-slivnica.si\/index.php?rest_route=%2Fwp%2Fv2%2Fcomments&post=1671"}],"version-history":[{"count":2,"href":"https:\/\/www.os-slivnica.si\/index.php?rest_route=\/wp\/v2\/posts\/1671\/revisions"}],"predecessor-version":[{"id":1676,"href":"https:\/\/www.os-slivnica.si\/index.php?rest_route=\/wp\/v2\/posts\/1671\/revisions\/1676"}],"wp:attachment":[{"href":"https:\/\/www.os-slivnica.si\/index.php?rest_route=%2Fwp%2Fv2%2Fmedia&parent=1671"}],"wp:term":[{"taxonomy":"category","embeddable":true,"href":"https:\/\/www.os-slivnica.si\/index.php?rest_route=%2Fwp%2Fv2%2Fcategories&post=1671"},{"taxonomy":"post_tag","embeddable":true,"href":"https:\/\/www.os-slivnica.si\/index.php?rest_route=%2Fwp%2Fv2%2Ftags&post=1671"}],"curies":[{"name":"wp","href":"https:\/\/api.w.org\/{rel}","templated":true}]}}