{"id":1649,"date":"2016-04-04T13:17:03","date_gmt":"2016-04-04T11:17:03","guid":{"rendered":"http:\/\/slivnica.splet.arnes.si\/?p=1649"},"modified":"2016-04-04T15:13:32","modified_gmt":"2016-04-04T13:13:32","slug":"kulturni-dan-sedmosolcev-v-okviru-projekta-rastem-s-knjigo","status":"publish","type":"post","link":"https:\/\/www.os-slivnica.si\/?p=1649","title":{"rendered":"Kulturni dan sedmo\u0161olcev v okviru projekta Rastem s knjigo"},"content":{"rendered":"<p>V \u010detrtek, 24. marca 2016, smo imeli sedmo\u0161olci kulturni dan. V okviru nacionalnega projekta Rastem s knjigo, ki je namenjen spodbujanju bralne kulture in uveljavljanju izvirnih slovenskih mladinskih leposlovnih del, smo v \u0160entjurju obiskali: Muzej Zakladi Rifnika, Ipav\u010devo hi\u0161o in Knji\u017enico \u0160entjur. \u00a0Vsi smo prejeli v dar knjigo pisatelja Damijana \u0160inigoja Iskanje Eve.<!--more-->\u00a0Na naslednjih povezavah si lahko preberete <a href=\"http:\/\/www.jakrs.si\/bralna-kultura\/rastem-s-knjigo\/\">ve\u010d o projektu\u00a0<\/a> in si ogledate\u00a0fotografske utrinke. ngg_shortcode_0_placeholder<\/p>\n<p>&nbsp;<\/p>\n<p>U\u010denci smo kulturni dan prijetno in pou\u010dno pre\u017eiveli. Povsod smo se po\u010dutili prijazno sprejete. Ob zaklju\u010dku dneva smo zapisali tudi poro\u010dilo in vtise. So\u0161olka Nika \u0160kornik je zapisala:<\/p>\n<p><em>V \u010detrtek, 24. 3. 2016, smo imeli sedmo\u0161olci O\u0160 Slivnica pri Celju kulturni dan. Odpravili smo se v \u0160entjur. Ogledali smo si zaklade z Rifnika, Ipav\u010devo hi\u0161o \u00a0in obiskali splo\u0161no knji\u017enico \u0160entjur.<\/em><\/p>\n<p><em>Z avtobusom smo se odpeljali izpred \u0161ole ob osmi uri. Vo\u017enja ni bila dolga, saj smo se peljali le do \u0160entjurja. Izstopili smo na Zgornjem trgu. Najprej smo obiskali muzej. Tam nas je prijazna vodnica popeljala\u00a0po razstavi. Povedala nam je, kako so \u017eiveli ljudje na Rifniku v razli\u010dnih \u010dasovnih obdobjih. Pokazala nam je veliko arheolo\u0161kih odkritij. Spoznali smo, kako so bili arheologi opremljeni. Videli smo, kako se dana\u0161nje \u00a0\u017eivljenje razlikuje od \u017eivljenja v preteklosti. Spoznali smo veliko novega in videli zanimiva odkritja ter stare predmete.<\/em><\/p>\n<p>Nato smo od\u0161li do spominske hi\u0161e skladateljev in zdravnikov Ipavcev. Najprej smo se usedli. Vodnica nam je razlo\u017eila nekaj na kratko. Lahko smo celo zaigrali na star klavir. Bil je zelo razgla\u0161en. Hi\u0161a je imela \u017ee na za\u010detku starinski pridih. Bila je tudi lepo opremljena. Odpravili smo se po stopnicah. Ko smo pri\u0161li na vrh, smo si ogledali spominski sobi bratov Ipavcev. Vodi\u010dka je v ozadju predvajala tiho glasbo. Sli\u0161ali smo znana dela in videli stare notne zapise. Povedala nam je je vse o izvoru dru\u017eine Ipavcev in njenem delovanju. Nato smo se spustili v pritli\u010dje, v poro\u010dno dvorano. Tam smo se odpo\u010dili in ob\u010dudovali umetnine. Poslu\u0161ali smo zelo znano delo Benjamina Ipavca, Serenado za orkester in lok. Mnogi ne vedo, da se je sprva imenovala Serenada za klavir \u0161tiriro\u010dno. To so odkrili \u0161ele pred kratkim. Odpravili smo se na vrt in si ogledali Ple\u010dnikov vodnjak. Najve\u010d pozornosti je pritegnila stara, mogo\u010dna lipa. Sedli smo na tribune in malicali &#8230;<\/p>\n<p>Pe\u0161 smo se odpravili proti knji\u017enici, kjer so nas toplo sprejeli. Svoje stvari smo odlo\u017eili v garderobo. Posedli smo se k veliki mizi. Knji\u017eni\u010darka nam je razlo\u017eila splo\u0161ne podatke o knji\u017enicah in Knji\u017enici \u0160entjur. Pokazala nam je tudi zelo stare knjige in povedala, kako je potrebno z njimi ravnati. Nato smo si pogledali kratek film\u010dek, posnet po odlomku iz knjige Iskanje Eve. Bilo je zelo zanimivo. Veliko smo izvedeli o knjigi in pisatelju Damjanu \u0160inigoju. Lahko smo si ogledali knji\u017enico. Domov smo od\u0161li vsak s svojim izvodom knjige Iskanje Eve.<\/p>\n<p>&nbsp;<\/p>\n","protected":false},"excerpt":{"rendered":"<p>V \u010detrtek, 24. marca 2016, smo imeli sedmo\u0161olci kulturni dan. V okviru nacionalnega projekta Rastem s knjigo, ki je namenjen spodbujanju bralne kulture in uveljavljanju izvirnih slovenskih mladinskih leposlovnih del, smo v \u0160entjurju obiskali: Muzej Zakladi Rifnika, Ipav\u010devo hi\u0161o in Knji\u017enico \u0160entjur. \u00a0Vsi smo prejeli v dar knjigo pisatelja Damijana \u0160inigoja Iskanje Eve.<\/p>\n","protected":false},"author":4050,"featured_media":0,"comment_status":"closed","ping_status":"closed","sticky":false,"template":"","format":"standard","meta":{"_et_pb_use_builder":"","_et_pb_old_content":"","_et_gb_content_width":"","ngg_post_thumbnail":0,"footnotes":"","_expiration-date-status":"","_expiration-date":0,"_expiration-date-type":"","_expiration-date-categories":[],"_expiration-date-options":[]},"categories":[9],"tags":[],"class_list":["post-1649","post","type-post","status-publish","format-standard","hentry","category-aktualno","et-doesnt-have-format-content","et_post_format-et-post-format-standard"],"_links":{"self":[{"href":"https:\/\/www.os-slivnica.si\/index.php?rest_route=\/wp\/v2\/posts\/1649","targetHints":{"allow":["GET"]}}],"collection":[{"href":"https:\/\/www.os-slivnica.si\/index.php?rest_route=\/wp\/v2\/posts"}],"about":[{"href":"https:\/\/www.os-slivnica.si\/index.php?rest_route=\/wp\/v2\/types\/post"}],"author":[{"embeddable":true,"href":"https:\/\/www.os-slivnica.si\/index.php?rest_route=\/wp\/v2\/users\/4050"}],"replies":[{"embeddable":true,"href":"https:\/\/www.os-slivnica.si\/index.php?rest_route=%2Fwp%2Fv2%2Fcomments&post=1649"}],"version-history":[{"count":13,"href":"https:\/\/www.os-slivnica.si\/index.php?rest_route=\/wp\/v2\/posts\/1649\/revisions"}],"predecessor-version":[{"id":1663,"href":"https:\/\/www.os-slivnica.si\/index.php?rest_route=\/wp\/v2\/posts\/1649\/revisions\/1663"}],"wp:attachment":[{"href":"https:\/\/www.os-slivnica.si\/index.php?rest_route=%2Fwp%2Fv2%2Fmedia&parent=1649"}],"wp:term":[{"taxonomy":"category","embeddable":true,"href":"https:\/\/www.os-slivnica.si\/index.php?rest_route=%2Fwp%2Fv2%2Fcategories&post=1649"},{"taxonomy":"post_tag","embeddable":true,"href":"https:\/\/www.os-slivnica.si\/index.php?rest_route=%2Fwp%2Fv2%2Ftags&post=1649"}],"curies":[{"name":"wp","href":"https:\/\/api.w.org\/{rel}","templated":true}]}}