{"id":1609,"date":"2016-03-24T00:16:55","date_gmt":"2016-03-23T23:16:55","guid":{"rendered":"http:\/\/slivnica.splet.arnes.si\/?p=1609"},"modified":"2016-03-24T00:18:27","modified_gmt":"2016-03-23T23:18:27","slug":"anin-vecer-v-znamenju-materinskega-dne-in-dneva-zena","status":"publish","type":"post","link":"https:\/\/www.os-slivnica.si\/?p=1609","title":{"rendered":"Anin ve\u010der v znamenju materinskega dne"},"content":{"rendered":"<p style=\"text-align: center\"><em>\u00bbMamica iz srca to vo\u0161\u010dilo naj velja.<\/em><\/p>\n<p style=\"text-align: center\"><em>Ni besed, ni zlata, saj zlato si ti mamica.\u00ab<\/em><\/p>\n<p>To sta ena izmed mnogih verzov, ki so skupaj z razli\u010dnimi melodijami odmevali iz ust na\u0161ih u\u010dencev. V petek, 18. 3. 2016, je namre\u010d na Prevorju potekal \u0161e zadnji Anin ve\u010der v tej sezoni, ki je bil tako kot vsako leto posve\u010den vsem mamam in \u017eenskam. Poleg pevskega zbora, ki sta ga spremljala gospa Jasmina Levi\u010dar na citrah in u\u010denec David na harmoniki, so se u\u010denci predstavili \u0161e z raznimi deklamacijami, plesom in igranjem na instrumente. Na prireditvi so nastopili tudi otroci iz vrtca Prevorje, ne\u017eni zvoki citer pa so zazveneli izpod prstov doma\u010dinke Janje, ki \u017ee obiskuje mati\u010dno \u0161olo. Gostja ve\u010dera je bila tokrat gospa Mojca Krevel, zaposlena v Mladinskem centru \u0160entjur, ki je predstavila svoje videnje o zaposlovanju mladih v dana\u0161njih \u010dasih. Ob koncu prireditve so u\u010denke vsem mamam in \u017eenskam razdelile \u0161e ro\u017eice, ki so jih izdelali u\u010denci podalj\u0161anega bivanja.<\/p>\nngg_shortcode_0_placeholder\n","protected":false},"excerpt":{"rendered":"<p>\u00bbMamica iz srca to vo\u0161\u010dilo naj velja. Ni besed, ni zlata, saj zlato si ti mamica.\u00ab To sta ena izmed mnogih verzov, ki so skupaj z razli\u010dnimi melodijami odmevali iz ust na\u0161ih u\u010dencev. V petek, 18. 3. 2016, je namre\u010d na Prevorju potekal \u0161e zadnji Anin ve\u010der v tej sezoni, ki je bil tako kot [&hellip;]<\/p>\n","protected":false},"author":6078,"featured_media":0,"comment_status":"closed","ping_status":"closed","sticky":false,"template":"","format":"standard","meta":{"_et_pb_use_builder":"","_et_pb_old_content":"","_et_gb_content_width":"","ngg_post_thumbnail":0,"footnotes":"","_expiration-date-status":"","_expiration-date":0,"_expiration-date-type":"","_expiration-date-categories":[],"_expiration-date-options":[]},"categories":[11],"tags":[],"class_list":["post-1609","post","type-post","status-publish","format-standard","hentry","category-ps-prevorje","et-doesnt-have-format-content","et_post_format-et-post-format-standard"],"_links":{"self":[{"href":"https:\/\/www.os-slivnica.si\/index.php?rest_route=\/wp\/v2\/posts\/1609","targetHints":{"allow":["GET"]}}],"collection":[{"href":"https:\/\/www.os-slivnica.si\/index.php?rest_route=\/wp\/v2\/posts"}],"about":[{"href":"https:\/\/www.os-slivnica.si\/index.php?rest_route=\/wp\/v2\/types\/post"}],"author":[{"embeddable":true,"href":"https:\/\/www.os-slivnica.si\/index.php?rest_route=\/wp\/v2\/users\/6078"}],"replies":[{"embeddable":true,"href":"https:\/\/www.os-slivnica.si\/index.php?rest_route=%2Fwp%2Fv2%2Fcomments&post=1609"}],"version-history":[{"count":6,"href":"https:\/\/www.os-slivnica.si\/index.php?rest_route=\/wp\/v2\/posts\/1609\/revisions"}],"predecessor-version":[{"id":1615,"href":"https:\/\/www.os-slivnica.si\/index.php?rest_route=\/wp\/v2\/posts\/1609\/revisions\/1615"}],"wp:attachment":[{"href":"https:\/\/www.os-slivnica.si\/index.php?rest_route=%2Fwp%2Fv2%2Fmedia&parent=1609"}],"wp:term":[{"taxonomy":"category","embeddable":true,"href":"https:\/\/www.os-slivnica.si\/index.php?rest_route=%2Fwp%2Fv2%2Fcategories&post=1609"},{"taxonomy":"post_tag","embeddable":true,"href":"https:\/\/www.os-slivnica.si\/index.php?rest_route=%2Fwp%2Fv2%2Ftags&post=1609"}],"curies":[{"name":"wp","href":"https:\/\/api.w.org\/{rel}","templated":true}]}}