{"id":1596,"date":"2016-03-23T14:26:08","date_gmt":"2016-03-23T13:26:08","guid":{"rendered":"http:\/\/slivnica.splet.arnes.si\/?p=1596"},"modified":"2016-03-23T14:36:32","modified_gmt":"2016-03-23T13:36:32","slug":"v-petek-25-3-2016-pouka-prost-dan","status":"publish","type":"post","link":"https:\/\/www.os-slivnica.si\/?p=1596","title":{"rendered":"V petek, 25. 3. 2016, pouka prost dan"},"content":{"rendered":"<p>V petek, 25. marca 2016, je pouka prost dan.<\/p>\n<p>Ljudska univerza \u0160entjur se je prijazno ponudila, da bo organizirala na \u0161oli v Gorici pri Slivnici ta dan delavnice, ki bodo potekale od 8.00 do 12.30.<\/p>\n<p>U\u010denci bodo skupaj z mentoricama ustvarjali izdelke, s katerimi boste lahko okrasili svoj dom pred veliko no\u010djo, del programa pa bodo namenili tudi igri in gibanju\/plesu. Ta dan pa bo \u0161e posebej prazni\u010dno obarvan, saj je posve\u010den mamam. Mamice, babice, ali tete vabimo, da se nam ob koncu programa (ob 12. uri) pridru\u017eite, skupaj z nami dokon\u010date velikono\u010dne izdelke in si ogledate, kaj bodo otroci pripravili za vas.<br \/>\nZa prijavljene u\u010dence bomo organizirali malico, ki jo bomo zara\u010dunali na polo\u017enici. Ve\u010d \u0161e v <a href=\"http:\/\/slivnica.splet.arnes.si\/files\/2016\/03\/Vabilo-za-delavnico_O\u0160-Slivnica.pdf\" target=\"_blank\">Vabilu za delavnico<\/a><\/p>\n","protected":false},"excerpt":{"rendered":"<p>V petek, 25. marca 2016, je pouka prost dan. Ljudska univerza \u0160entjur se je prijazno ponudila, da bo organizirala na \u0161oli v Gorici pri Slivnici ta dan delavnice, ki bodo potekale od 8.00 do 12.30. U\u010denci bodo skupaj z mentoricama ustvarjali izdelke, s katerimi boste lahko okrasili svoj dom pred veliko no\u010djo, del programa pa [&hellip;]<\/p>\n","protected":false},"author":5705,"featured_media":0,"comment_status":"closed","ping_status":"closed","sticky":false,"template":"","format":"standard","meta":{"_et_pb_use_builder":"","_et_pb_old_content":"","_et_gb_content_width":"","ngg_post_thumbnail":0,"footnotes":"","_expiration-date-status":"","_expiration-date":0,"_expiration-date-type":"","_expiration-date-categories":[],"_expiration-date-options":[]},"categories":[9],"tags":[],"class_list":["post-1596","post","type-post","status-publish","format-standard","hentry","category-aktualno","et-doesnt-have-format-content","et_post_format-et-post-format-standard"],"_links":{"self":[{"href":"https:\/\/www.os-slivnica.si\/index.php?rest_route=\/wp\/v2\/posts\/1596","targetHints":{"allow":["GET"]}}],"collection":[{"href":"https:\/\/www.os-slivnica.si\/index.php?rest_route=\/wp\/v2\/posts"}],"about":[{"href":"https:\/\/www.os-slivnica.si\/index.php?rest_route=\/wp\/v2\/types\/post"}],"author":[{"embeddable":true,"href":"https:\/\/www.os-slivnica.si\/index.php?rest_route=\/wp\/v2\/users\/5705"}],"replies":[{"embeddable":true,"href":"https:\/\/www.os-slivnica.si\/index.php?rest_route=%2Fwp%2Fv2%2Fcomments&post=1596"}],"version-history":[{"count":6,"href":"https:\/\/www.os-slivnica.si\/index.php?rest_route=\/wp\/v2\/posts\/1596\/revisions"}],"predecessor-version":[{"id":1606,"href":"https:\/\/www.os-slivnica.si\/index.php?rest_route=\/wp\/v2\/posts\/1596\/revisions\/1606"}],"wp:attachment":[{"href":"https:\/\/www.os-slivnica.si\/index.php?rest_route=%2Fwp%2Fv2%2Fmedia&parent=1596"}],"wp:term":[{"taxonomy":"category","embeddable":true,"href":"https:\/\/www.os-slivnica.si\/index.php?rest_route=%2Fwp%2Fv2%2Fcategories&post=1596"},{"taxonomy":"post_tag","embeddable":true,"href":"https:\/\/www.os-slivnica.si\/index.php?rest_route=%2Fwp%2Fv2%2Ftags&post=1596"}],"curies":[{"name":"wp","href":"https:\/\/api.w.org\/{rel}","templated":true}]}}