{"id":1592,"date":"2016-03-23T09:52:30","date_gmt":"2016-03-23T08:52:30","guid":{"rendered":"http:\/\/slivnica.splet.arnes.si\/?p=1592"},"modified":"2016-03-24T10:20:32","modified_gmt":"2016-03-24T09:20:32","slug":"sopek-srece","status":"publish","type":"post","link":"https:\/\/www.os-slivnica.si\/?p=1592","title":{"rendered":"\u0160opek sre\u010de"},"content":{"rendered":"<p>V torek, 22. 3. 2016, je v KD Gorica pri Slivnici potekala tradicionalna prireditev ob materinskem dnevu \u0160opek sre\u010de. Mlaj\u0161i u\u010denci osnovne \u0161ole in otroci vrtca so s svojim nastopom navdu\u0161ili in po\u010dastili mame in babice ob njihovem prazniku. Ob koncu prireditve je svoje vo\u0161\u010dilo dodal predsednik KS Slivnica pri Celju Janez Pal\u010dnik. Obiskovalke so dobile prilo\u017enostno darilce, ki so ga izdelali u\u010dneci, KS pa je poskrbela za prigrizek.<\/p>\nngg_shortcode_0_placeholder\n","protected":false},"excerpt":{"rendered":"<p>V torek, 22. 3. 2016, je v KD Gorica pri Slivnici potekala tradicionalna prireditev ob materinskem dnevu \u0160opek sre\u010de. Mlaj\u0161i u\u010denci osnovne \u0161ole in otroci vrtca so s svojim nastopom navdu\u0161ili in po\u010dastili mame in babice ob njihovem prazniku. Ob koncu prireditve je svoje vo\u0161\u010dilo dodal predsednik KS Slivnica pri Celju Janez Pal\u010dnik. Obiskovalke so [&hellip;]<\/p>\n","protected":false},"author":5704,"featured_media":0,"comment_status":"closed","ping_status":"closed","sticky":false,"template":"","format":"standard","meta":{"_et_pb_use_builder":"","_et_pb_old_content":"","_et_gb_content_width":"","ngg_post_thumbnail":0,"footnotes":"","_expiration-date-status":"","_expiration-date":0,"_expiration-date-type":"","_expiration-date-categories":[],"_expiration-date-options":[]},"categories":[9],"tags":[],"class_list":["post-1592","post","type-post","status-publish","format-standard","hentry","category-aktualno","et-doesnt-have-format-content","et_post_format-et-post-format-standard"],"_links":{"self":[{"href":"https:\/\/www.os-slivnica.si\/index.php?rest_route=\/wp\/v2\/posts\/1592","targetHints":{"allow":["GET"]}}],"collection":[{"href":"https:\/\/www.os-slivnica.si\/index.php?rest_route=\/wp\/v2\/posts"}],"about":[{"href":"https:\/\/www.os-slivnica.si\/index.php?rest_route=\/wp\/v2\/types\/post"}],"author":[{"embeddable":true,"href":"https:\/\/www.os-slivnica.si\/index.php?rest_route=\/wp\/v2\/users\/5704"}],"replies":[{"embeddable":true,"href":"https:\/\/www.os-slivnica.si\/index.php?rest_route=%2Fwp%2Fv2%2Fcomments&post=1592"}],"version-history":[{"count":4,"href":"https:\/\/www.os-slivnica.si\/index.php?rest_route=\/wp\/v2\/posts\/1592\/revisions"}],"predecessor-version":[{"id":1617,"href":"https:\/\/www.os-slivnica.si\/index.php?rest_route=\/wp\/v2\/posts\/1592\/revisions\/1617"}],"wp:attachment":[{"href":"https:\/\/www.os-slivnica.si\/index.php?rest_route=%2Fwp%2Fv2%2Fmedia&parent=1592"}],"wp:term":[{"taxonomy":"category","embeddable":true,"href":"https:\/\/www.os-slivnica.si\/index.php?rest_route=%2Fwp%2Fv2%2Fcategories&post=1592"},{"taxonomy":"post_tag","embeddable":true,"href":"https:\/\/www.os-slivnica.si\/index.php?rest_route=%2Fwp%2Fv2%2Ftags&post=1592"}],"curies":[{"name":"wp","href":"https:\/\/api.w.org\/{rel}","templated":true}]}}