{"id":1583,"date":"2016-03-21T19:54:20","date_gmt":"2016-03-21T18:54:20","guid":{"rendered":"http:\/\/slivnica.splet.arnes.si\/?p=1583"},"modified":"2016-03-21T20:15:27","modified_gmt":"2016-03-21T19:15:27","slug":"vabilo-na-prireditev-ob-materinskem-dnevu","status":"publish","type":"post","link":"https:\/\/www.os-slivnica.si\/?p=1583","title":{"rendered":"Vabilo na prireditev ob materinskem dnevu"},"content":{"rendered":"<p>Ob materinskem dnevu vabimo na prireditev \u0160OPEK SRE\u010cE, ki bo v torek, 22. 3. 2016, ob 16.uri v Kulturnem domu Gorica pri Slivnici.<\/p>\n<p>Prireditev pripravljamo:\u00a0 O\u0160 Slivnica pri Celju, Vrtec \u0160entjur &#8211; enota Slivnica in Krajevna skupnost Slivnica pri Celju.<\/p>\n<p><a href=\"http:\/\/slivnica.splet.arnes.si\/files\/2016\/03\/Vabilo-\u0161opek-sre\u010deA5.pdf\" target=\"_blank\">Vabilo na prireditev \u0160opek sre\u010de\u00a0\u00a0 <\/a>(Mamice so kot gumbki. Vse dr\u017eijo skupaj. )<\/p>\n","protected":false},"excerpt":{"rendered":"<p>Ob materinskem dnevu vabimo na prireditev \u0160OPEK SRE\u010cE, ki bo v torek, 22. 3. 2016, ob 16.uri v Kulturnem domu Gorica pri Slivnici. Prireditev pripravljamo:\u00a0 O\u0160 Slivnica pri Celju, Vrtec \u0160entjur &#8211; enota Slivnica in Krajevna skupnost Slivnica pri Celju. Vabilo na prireditev \u0160opek sre\u010de\u00a0\u00a0 (Mamice so kot gumbki. Vse dr\u017eijo skupaj. )<\/p>\n","protected":false},"author":5705,"featured_media":0,"comment_status":"closed","ping_status":"closed","sticky":false,"template":"","format":"standard","meta":{"_et_pb_use_builder":"","_et_pb_old_content":"","_et_gb_content_width":"","ngg_post_thumbnail":0,"footnotes":"","_expiration-date-status":"","_expiration-date":0,"_expiration-date-type":"","_expiration-date-categories":[],"_expiration-date-options":[]},"categories":[9],"tags":[],"class_list":["post-1583","post","type-post","status-publish","format-standard","hentry","category-aktualno","et-doesnt-have-format-content","et_post_format-et-post-format-standard"],"_links":{"self":[{"href":"https:\/\/www.os-slivnica.si\/index.php?rest_route=\/wp\/v2\/posts\/1583","targetHints":{"allow":["GET"]}}],"collection":[{"href":"https:\/\/www.os-slivnica.si\/index.php?rest_route=\/wp\/v2\/posts"}],"about":[{"href":"https:\/\/www.os-slivnica.si\/index.php?rest_route=\/wp\/v2\/types\/post"}],"author":[{"embeddable":true,"href":"https:\/\/www.os-slivnica.si\/index.php?rest_route=\/wp\/v2\/users\/5705"}],"replies":[{"embeddable":true,"href":"https:\/\/www.os-slivnica.si\/index.php?rest_route=%2Fwp%2Fv2%2Fcomments&post=1583"}],"version-history":[{"count":5,"href":"https:\/\/www.os-slivnica.si\/index.php?rest_route=\/wp\/v2\/posts\/1583\/revisions"}],"predecessor-version":[{"id":1590,"href":"https:\/\/www.os-slivnica.si\/index.php?rest_route=\/wp\/v2\/posts\/1583\/revisions\/1590"}],"wp:attachment":[{"href":"https:\/\/www.os-slivnica.si\/index.php?rest_route=%2Fwp%2Fv2%2Fmedia&parent=1583"}],"wp:term":[{"taxonomy":"category","embeddable":true,"href":"https:\/\/www.os-slivnica.si\/index.php?rest_route=%2Fwp%2Fv2%2Fcategories&post=1583"},{"taxonomy":"post_tag","embeddable":true,"href":"https:\/\/www.os-slivnica.si\/index.php?rest_route=%2Fwp%2Fv2%2Ftags&post=1583"}],"curies":[{"name":"wp","href":"https:\/\/api.w.org\/{rel}","templated":true}]}}