{"id":1569,"date":"2016-03-15T10:10:53","date_gmt":"2016-03-15T09:10:53","guid":{"rendered":"http:\/\/slivnica.splet.arnes.si\/?p=1569"},"modified":"2016-03-15T10:16:20","modified_gmt":"2016-03-15T09:16:20","slug":"zlata-predstavitev-na-turisticni-trznici","status":"publish","type":"post","link":"https:\/\/www.os-slivnica.si\/?p=1569","title":{"rendered":"&#8220;Zlata&#8221; predstavitev na turisti\u010dni tr\u017enici"},"content":{"rendered":"<p>U\u010denci turisti\u010dnega kro\u017eka so se v torek,\u00a0<a href=\"http:\/\/slivnica.splet.arnes.si\/files\/2016\/03\/bannerZelTur_marec.pdf\" target=\"_blank\">8. marca 2016,<\/a> predstavili na\u00a0<a href=\"http:\/\/slivnica.splet.arnes.si\/files\/2016\/03\/vabiloZelTur1celje.pdf\" target=\"_blank\">turisti\u010dni tr\u017enici<\/a> v Mercator centru Celje. Odli\u010dno so predstavili raziskovalno nalogo z naslovom <a href=\"http:\/\/slivnica.splet.arnes.si\/files\/2016\/03\/vemo_zakaj_ptice_pojejo.pdf\" target=\"_blank\">Vemo, zakaj ptice pojejo,<\/a> navdu\u0161ili so tudi s svojo turisti\u010dno stojnico in nastopom ter dobili zlati priznanji. Veseli so bili obeh, \u0161e posebej zlatega priznanja za najbolj\u0161o turisti\u010dno tr\u017enico po oceni strokovne komisije. Odli\u010dno sta se izkazali \u0161e Anja Furdi in Kaja Tovornik, ki sta bili najbolj\u0161i na kvizu v znanju o turisti\u010dnih programih drugih \u0161ol, ki so se predstavljale na turisti\u010dni tr\u017enici.<\/p>\nngg_shortcode_0_placeholder\n<p>S turisti\u010dnim programom, ki so ga pripravili in stojnico se bodo \u0161e enkrat\u00a0predstavili skupaj\u00a0z ostalimi dobitniki zlatih priznanj na turisti\u010dni tr\u017enici v mesecu aprilu v Mariboru.<br \/>\nZa odli\u010den dose\u017eek, v katerega so vlo\u017eili veliko znanja in truda, vsem u\u010dencem &#8211; sodelovali so osmo\u0161olci: Brina Gorza, Gregor Mansutti, Peter Mansutti, Nika Punger\u0161ek, Patricija Tan\u0161ek, Barbara Zalokar, deveto\u0161olci: Julija Arti\u010dek Jovan, Anja Furdi, Maks Mik\u0161a, Kaja Tovornik in Vid Pal\u010dnik; mentorici Bredi \u017dupanc in Jo\u017eici Vodeb <strong>iskreno \u010destitamo<\/strong>!<br \/>\nOglejte si <a href=\"http:\/\/www.turisticna-zveza.si\/PoglejFotoGalerije.php?q=200\" target=\"_blank\">fotografije<\/a> Turisti\u010dne zveze Slovenije!<\/p>\n","protected":false},"excerpt":{"rendered":"<p>U\u010denci turisti\u010dnega kro\u017eka so se v torek,\u00a08. marca 2016, predstavili na\u00a0turisti\u010dni tr\u017enici v Mercator centru Celje. Odli\u010dno so predstavili raziskovalno nalogo z naslovom Vemo, zakaj ptice pojejo, navdu\u0161ili so tudi s svojo turisti\u010dno stojnico in nastopom ter dobili zlati priznanji. Veseli so bili obeh, \u0161e posebej zlatega priznanja za najbolj\u0161o turisti\u010dno tr\u017enico po oceni strokovne [&hellip;]<\/p>\n","protected":false},"author":6068,"featured_media":0,"comment_status":"closed","ping_status":"closed","sticky":false,"template":"","format":"standard","meta":{"_et_pb_use_builder":"","_et_pb_old_content":"","_et_gb_content_width":"","ngg_post_thumbnail":0,"footnotes":"","_expiration-date-status":"","_expiration-date":0,"_expiration-date-type":"","_expiration-date-categories":[],"_expiration-date-options":[]},"categories":[9],"tags":[],"class_list":["post-1569","post","type-post","status-publish","format-standard","hentry","category-aktualno","et-doesnt-have-format-content","et_post_format-et-post-format-standard"],"_links":{"self":[{"href":"https:\/\/www.os-slivnica.si\/index.php?rest_route=\/wp\/v2\/posts\/1569","targetHints":{"allow":["GET"]}}],"collection":[{"href":"https:\/\/www.os-slivnica.si\/index.php?rest_route=\/wp\/v2\/posts"}],"about":[{"href":"https:\/\/www.os-slivnica.si\/index.php?rest_route=\/wp\/v2\/types\/post"}],"author":[{"embeddable":true,"href":"https:\/\/www.os-slivnica.si\/index.php?rest_route=\/wp\/v2\/users\/6068"}],"replies":[{"embeddable":true,"href":"https:\/\/www.os-slivnica.si\/index.php?rest_route=%2Fwp%2Fv2%2Fcomments&post=1569"}],"version-history":[{"count":2,"href":"https:\/\/www.os-slivnica.si\/index.php?rest_route=\/wp\/v2\/posts\/1569\/revisions"}],"predecessor-version":[{"id":1571,"href":"https:\/\/www.os-slivnica.si\/index.php?rest_route=\/wp\/v2\/posts\/1569\/revisions\/1571"}],"wp:attachment":[{"href":"https:\/\/www.os-slivnica.si\/index.php?rest_route=%2Fwp%2Fv2%2Fmedia&parent=1569"}],"wp:term":[{"taxonomy":"category","embeddable":true,"href":"https:\/\/www.os-slivnica.si\/index.php?rest_route=%2Fwp%2Fv2%2Fcategories&post=1569"},{"taxonomy":"post_tag","embeddable":true,"href":"https:\/\/www.os-slivnica.si\/index.php?rest_route=%2Fwp%2Fv2%2Ftags&post=1569"}],"curies":[{"name":"wp","href":"https:\/\/api.w.org\/{rel}","templated":true}]}}