{"id":1557,"date":"2016-03-13T21:37:55","date_gmt":"2016-03-13T20:37:55","guid":{"rendered":"http:\/\/slivnica.splet.arnes.si\/?p=1557"},"modified":"2016-03-13T21:40:19","modified_gmt":"2016-03-13T20:40:19","slug":"ucenci-navdusili-na-obcnem-zboru-gasilk","status":"publish","type":"post","link":"https:\/\/www.os-slivnica.si\/?p=1557","title":{"rendered":"U\u010denci navdu\u0161ili na ob\u010dnem zboru gasilk"},"content":{"rendered":"<p style=\"text-align: justify\">V petek, <strong>11. marca,<\/strong> je v ve\u010dnamenskem objektu na Prevorju potekal<strong> ob\u010dni zbor gasilk ob\u010dine \u0160entjur<\/strong>. Nastopili so tudi <strong>u\u010denci na\u0161e \u0161ole<\/strong> in z nastopom <strong>izjemno navdu\u0161ili<\/strong> zbrane gasilke in ostale goste v dvorani.<\/p>\n<p style=\"text-align: justify\">ngg_shortcode_0_placeholder<\/p>\n","protected":false},"excerpt":{"rendered":"<p>V petek, 11. marca, je v ve\u010dnamenskem objektu na Prevorju potekal ob\u010dni zbor gasilk ob\u010dine \u0160entjur. Nastopili so tudi u\u010denci na\u0161e \u0161ole in z nastopom izjemno navdu\u0161ili zbrane gasilke in ostale goste v dvorani.<\/p>\n","protected":false},"author":6009,"featured_media":0,"comment_status":"closed","ping_status":"closed","sticky":false,"template":"","format":"standard","meta":{"_et_pb_use_builder":"","_et_pb_old_content":"","_et_gb_content_width":"","ngg_post_thumbnail":0,"footnotes":"","_expiration-date-status":"","_expiration-date":0,"_expiration-date-type":"","_expiration-date-categories":[],"_expiration-date-options":[]},"categories":[11],"tags":[],"class_list":["post-1557","post","type-post","status-publish","format-standard","hentry","category-ps-prevorje","et-doesnt-have-format-content","et_post_format-et-post-format-standard"],"_links":{"self":[{"href":"https:\/\/www.os-slivnica.si\/index.php?rest_route=\/wp\/v2\/posts\/1557","targetHints":{"allow":["GET"]}}],"collection":[{"href":"https:\/\/www.os-slivnica.si\/index.php?rest_route=\/wp\/v2\/posts"}],"about":[{"href":"https:\/\/www.os-slivnica.si\/index.php?rest_route=\/wp\/v2\/types\/post"}],"author":[{"embeddable":true,"href":"https:\/\/www.os-slivnica.si\/index.php?rest_route=\/wp\/v2\/users\/6009"}],"replies":[{"embeddable":true,"href":"https:\/\/www.os-slivnica.si\/index.php?rest_route=%2Fwp%2Fv2%2Fcomments&post=1557"}],"version-history":[{"count":3,"href":"https:\/\/www.os-slivnica.si\/index.php?rest_route=\/wp\/v2\/posts\/1557\/revisions"}],"predecessor-version":[{"id":1560,"href":"https:\/\/www.os-slivnica.si\/index.php?rest_route=\/wp\/v2\/posts\/1557\/revisions\/1560"}],"wp:attachment":[{"href":"https:\/\/www.os-slivnica.si\/index.php?rest_route=%2Fwp%2Fv2%2Fmedia&parent=1557"}],"wp:term":[{"taxonomy":"category","embeddable":true,"href":"https:\/\/www.os-slivnica.si\/index.php?rest_route=%2Fwp%2Fv2%2Fcategories&post=1557"},{"taxonomy":"post_tag","embeddable":true,"href":"https:\/\/www.os-slivnica.si\/index.php?rest_route=%2Fwp%2Fv2%2Ftags&post=1557"}],"curies":[{"name":"wp","href":"https:\/\/api.w.org\/{rel}","templated":true}]}}